{"id":67340,"date":"2019-11-13T13:04:13","date_gmt":"2019-11-13T18:04:13","guid":{"rendered":"https:\/\/linitiative.ca\/International\/festival-dimajazz-djam-offre-un-spectacle-haut-en-couleurs-aux-sonorites-africaines\/"},"modified":"2019-11-13T13:04:13","modified_gmt":"2019-11-13T18:04:13","slug":"festival-dimajazz-djam-offre-un-spectacle-haut-en-couleurs-aux-sonorites-africaines","status":"publish","type":"post","link":"https:\/\/linitiative.ca\/International\/festival-dimajazz-djam-offre-un-spectacle-haut-en-couleurs-aux-sonorites-africaines\/","title":{"rendered":"Festival Dimajazz: Djam offre un spectacle haut en couleurs aux sonorit\u00e9s africaines"},"content":{"rendered":"<div readability=\"36\">\n<p><strong>CONSTANTINE- La 16\u00e8me \u00e9dition de \u00ab\u00a0Dimajazz\u00a0\u00bb, le festival international de jazz de Constantine, a \u00e9t\u00e9 ouverte mardi soir au th\u00e9\u00e2tre r\u00e9gional \u00a0\u00bbMohamed Tahar Fergani\u00a0\u00bb avec l&rsquo;artiste \u00a0\u00bbDjam\u00a0\u00bb qui a gratifi\u00e9 le public d&rsquo;un spectacle festif aux fortes sonorit\u00e9s africaines.<\/strong><\/p>\n<\/div>\n<div readability=\"84.293129771\">\n<p>Le th\u00e9\u00e2tre r\u00e9gional de Constantine affichait complet pour la soir\u00e9e d&rsquo;ouverture anim\u00e9e par Ahmed Djamil Ghouli, alias Djam qui a litt\u00e9ralement enflamm\u00e9 la sc\u00e8ne avec son groove solaire m\u00ealant avec efficacit\u00e9 rythmes \u00e9nergiques et paroles incisives.<\/p>\n<blockquote readability=\"11\">\n<p><em><strong>Avec sa voix puissante et sa pr\u00e9sence imposante sur sc\u00e8ne, l\u2019ex-leader du groupe Djmawi Africa , a fait vibrer l&rsquo;assistance en interpr\u00e9tant \u00a0\u00bbMadiba\u00a0\u00bb, \u00a0\u00bb Tobabotico\u00a0\u00bb et\u00a0 \u00ab\u00a0Meryem\u00a0\u00bb, des chansons issues de son troisi\u00e8me album solo \u00ab\u00a0Zdeldel\u00a0\u00bb.<\/strong><\/em><\/p>\n<\/blockquote>\n<p>Le moment fort de la soir\u00e9e sera sans conteste l\u2019interpr\u00e9tation du tr\u00e8s \u00e9lectrique \u00ab\u00a0Dinar\u00a0\u00bb, un tube repris en ch\u0153ur par un public compl\u00e8tement d\u00e9cha\u00een\u00e9.<\/p>\n<p>Passant avec une facilit\u00e9 d\u00e9concertante du chaabi au reggae et du Gnawi \u00e0 la salsa, Djam a pour sa premi\u00e8re prestation \u00e0 Dimajazz d\u00e9montr\u00e9 pourquoi il est, pour de nombreux observateurs, l&rsquo;artiste le plus dou\u00e9 de sa g\u00e9n\u00e9ration.<\/p>\n<blockquote readability=\"9\">\n<p><em><strong>\u00ab\u00a0Je suis tr\u00e8s heureux et fier de me produire ici \u00e0 Constantine au Dimajazz.J&rsquo;ai jou\u00e9 dans beaucoup de festivals \u00e0 l \u00e9tranger, mais celui-ci repr\u00e9sente \u00e9norm\u00e9ment de choses pour l&rsquo;artiste alg\u00e9rien que je suis\u00a0\u00bb, s\u2019est-t-il confi\u00e9.<\/strong><\/em><\/p>\n<\/blockquote>\n<p>A son allocution d\u2019ouverture, M.?Zoheir Bouzid, commissaire du Dimajazz, a soulign\u00e9\u00a0 l\u2019importance de ce 16\u00e8me anniversaire de la manifestation qui \u2018\u2019marque l\u2019aboutissement d\u2019un r\u00eave devenu r\u00e9alit\u00e9 gr\u00e2ce \u00e0 l&rsquo; abn\u00e9gation d\u2019une bande de copains qui \u00e0 l&rsquo;or\u00e9e des ann\u00e9es 2000 ont eu l\u2019improbable id\u00e9e d\u2019organiser un festival de jazz \u00e0 Constantine\u00a0\u00bb.<\/p>\n<hr\/>\n<p><strong>Lire aussi<\/strong>: <a href=\"http:\/\/www.aps.dz\/culture\/82691-dimajazz-2018-cloture-en-beaute-avec-boney-field\">Dimajazz 2018 : cl\u00f4ture en beaut\u00e9 avec Boney Field<\/a><\/p>\n<hr\/>\n<p>\u00ab\u00a0J&rsquo;esp\u00e8re que ce festival continuera de grandir et de promouvoir la musique et le Jazz \u00a0\u00bb a-t-il conclu avec beaucoup d&rsquo;\u00e9motion.<\/p>\n<p>La soir\u00e9e d\u2019ouverture a \u00e9galement constitu\u00e9 une occasion pour rendre un vibrant hommage \u00e0 Adel Merrouche et Aziz Djemam, des membres fondateurs de ce festival, fauch\u00e9s au printemps de leur vie.<\/p>\n<blockquote readability=\"17\">\n<p><em><strong>Ayant l&rsquo;Autriche comme invit\u00e9e d&rsquo;honneur, la seizi\u00e8me \u00e9dition du festival international de jazz, Dimajazz, se poursuivra jusqu\u2019au 16 novembre avec un menu tr\u00e8s prometteur, entre autres, le projet \u00a0\u00bbReflejos con Barry\u00a0\u00bb avec Lukas Schiemer et Beate Reiermann, deux figures incontournables de la sc\u00e8ne de jazz viennoise, le duo \u00a0\u00bbDuoud\u00a0\u00bb, \u00ab Grooz \u00bb et le Wonder Collective &#8211; Tribute to Stevie Wonder (WOCO), qui rendra hommage \u00e0 l&rsquo;\u0153uvre de la l\u00e9gende de la Soul music: Stevie Wonder.<\/strong><\/em><\/p>\n<\/blockquote>\n<p>Mercredi soir, le public constantinois devrait se d\u00e9lecter du jazz \u00a0\u00bbmanouche\u00a0\u00bb du quartet Ecca , et de l&rsquo;univers musical, d&rsquo;AYITE aka Olivier AJAVON, auteur-compositeur-interpr\u00e8te franco-togolais.<\/p>\n<\/div>\n<p>Auteur:<br \/>\n<a href=\"http:\/\/www.aps.dz\/culture\/97405-festival-dimajazz-djam-offre-un-spectacle-haut-en-couleurs-aux-sonorites-africaines\">Cliquez ici pour lire l&rsquo;article depuis sa source.<\/a><\/p>\n","protected":false},"excerpt":{"rendered":"<p>CONSTANTINE- La 16\u00e8me \u00e9dition de \u00ab\u00a0Dimajazz\u00a0\u00bb, le festival international de jazz de Constantine, a \u00e9t\u00e9 ouverte mardi soir au th\u00e9\u00e2tre r\u00e9gional \u00a0\u00bbMohamed Tahar Fergani\u00a0\u00bb avec l&rsquo;artiste \u00a0\u00bbDjam\u00a0\u00bb qui a gratifi\u00e9 le public d&rsquo;un spectacle festif aux fortes sonorit\u00e9s africaines. Le th\u00e9\u00e2tre r\u00e9gional de Constantine affichait complet pour la soir\u00e9e d&rsquo;ouverture anim\u00e9e par Ahmed Djamil Ghouli, [&hellip;]<\/p>\n","protected":false},"author":1790,"featured_media":0,"comment_status":"closed","ping_status":"closed","sticky":false,"template":"","format":"standard","meta":{"fifu_image_url":"","fifu_image_alt":"","footnotes":""},"categories":[53,79],"tags":[],"class_list":["post-67340","post","type-post","status-publish","format-standard","hentry","category-algerie","category-culture"],"_links":{"self":[{"href":"https:\/\/linitiative.ca\/International\/wp-json\/wp\/v2\/posts\/67340","targetHints":{"allow":["GET"]}}],"collection":[{"href":"https:\/\/linitiative.ca\/International\/wp-json\/wp\/v2\/posts"}],"about":[{"href":"https:\/\/linitiative.ca\/International\/wp-json\/wp\/v2\/types\/post"}],"author":[{"embeddable":true,"href":"https:\/\/linitiative.ca\/International\/wp-json\/wp\/v2\/users\/1790"}],"replies":[{"embeddable":true,"href":"https:\/\/linitiative.ca\/International\/wp-json\/wp\/v2\/comments?post=67340"}],"version-history":[{"count":0,"href":"https:\/\/linitiative.ca\/International\/wp-json\/wp\/v2\/posts\/67340\/revisions"}],"wp:attachment":[{"href":"https:\/\/linitiative.ca\/International\/wp-json\/wp\/v2\/media?parent=67340"}],"wp:term":[{"taxonomy":"category","embeddable":true,"href":"https:\/\/linitiative.ca\/International\/wp-json\/wp\/v2\/categories?post=67340"},{"taxonomy":"post_tag","embeddable":true,"href":"https:\/\/linitiative.ca\/International\/wp-json\/wp\/v2\/tags?post=67340"}],"curies":[{"name":"wp","href":"https:\/\/api.w.org\/{rel}","templated":true}]}}