{"id":67342,"date":"2019-11-13T13:04:19","date_gmt":"2019-11-13T18:04:19","guid":{"rendered":"https:\/\/linitiative.ca\/International\/art-contemporain-57-artistes-a-lexposition-linternationale-a-loeuvre-a-carthage\/"},"modified":"2019-11-13T13:04:19","modified_gmt":"2019-11-13T18:04:19","slug":"art-contemporain-57-artistes-a-lexposition-linternationale-a-loeuvre-a-carthage","status":"publish","type":"post","link":"https:\/\/linitiative.ca\/International\/art-contemporain-57-artistes-a-lexposition-linternationale-a-loeuvre-a-carthage\/","title":{"rendered":"Art Contemporain : 57 artistes \u00e0 l&rsquo;exposition \u00ab\u00a0L&rsquo;Internationale \u00e0 l&rsquo;\u0152uvre\u00a0\u00bb \u00e0 Carthage"},"content":{"rendered":"<div readability=\"35\">\n<p><strong>TUNIS &#8211; \u00ab\u00a0L&rsquo;Internationale \u00e0 l&rsquo;\u0152uvre\u00a0\u00bb est une exposition d&rsquo;art contemporain qui sera organis\u00e9e dans le cadre de la 2\u00e8me \u00e9dition des Journ\u00e9es d&rsquo;Art Contemporain de Carthage (JACC), pr\u00e9vue du 16 au 22 novembre 2019 \u00e0 la Cit\u00e9 de la Culture.<\/strong><\/p>\n<\/div>\n<div readability=\"118.5\">\n<p>Cette manifestation annuelle qui sera plac\u00e9e sous le th\u00e8me \u00ab\u00a0L\u2019art est \u00e0 l\u2019\u0153uvre\u00a0\u00bb est initi\u00e9e par le minist\u00e8re tunisien des Affaires Culturelles.<\/p>\n<blockquote readability=\"6\">\n<p><em><strong>Elle se tient en partenariat entre le minist\u00e8re et l&rsquo;Agence de mise en valeur du patrimoine et de promotion culturelle (Amvppc).<\/strong><\/em><\/p>\n<\/blockquote>\n<p>Au cours d&rsquo;un point de presse, tenu mardi \u00e0 Tunis, Sameh Beji, pr\u00e9sidente de cette ann\u00e9e a pr\u00e9sent\u00e9 les grandes lignes du festival. Cette \u00e9dition 2019 verra la participation de 57 artistes issus de 20 pays dont 31 artistes sont des tunisiens.<\/p>\n<p>Les \u0153uvres de l&rsquo;exposition internationale ont \u00e9t\u00e9 s\u00e9lectionn\u00e9es par un jury national compos\u00e9 de trois membres ind\u00e9pendants dont un artiste, un galeriste et un critique d&rsquo;art. \u00a0\u00a0\u00a0\u00a0<\/p>\n<blockquote readability=\"7\">\n<p><em><strong>\u00a0\u00a0\u00a0\u00a0\u00a0\u00a0\u00a0\u00a0\u00a0\u00a0 \u00ab\u00a0L&rsquo;Internationale \u00e0 l&rsquo;\u0152uvre\u00a0\u00bb comporte 57 \u0153uvres, cr\u00e9ations r\u00e9centes de 31 artistes tunisiens et 26 \u00e9trangers de 14 nationalit\u00e9s.<\/strong><\/em><\/p>\n<\/blockquote>\n<p>Cette \u00e9dition devra rendre un hommage \u00e0 10 artistes dont le nom sera d\u00e9voil\u00e9 ult\u00e9rieurement.<\/p>\n<p>Le festival se d\u00e9roulera dans la Capitale et dans les gouvernorats de Kasserine et Tataouine afin de \u00ab\u00a0d\u00e9centraliser, d\u00e9mocratiser l&rsquo;art et \u00e9liminer le sentiment d&rsquo;exclusion des habitants des r\u00e9gions int\u00e9rieures\u00a0\u00bb, indique la pr\u00e9sidente de l\u2019\u00e9dition.<\/p>\n<p><strong>Voici la liste des participants par pays:<\/strong><\/p>\n<p>Alg\u00e9rie: Abdelhalim Kebieche, Mustapha Ghedjati, Fatima Chafaa et Salah Jamal<\/p>\n<p>Allemagne: Bahaiden, Belarus et Askana Yeuda Kimenka\u00a0\u00a0 Oman: Omar Moosa<\/p>\n<p>Syrie: Yassouf Naser, Naaseen Agha et Line Deeb\u00a0\u00a0 Kowe\u00eft: Adel Al Khalaf<\/p>\n<p>Soudan: Amna Elhassan<\/p>\n<p>Qatar: Hanadi Al Darwich<\/p>\n<p>Italie: Elena Randini<\/p>\n<p>Libye: Aicha El Hawari, Shefa Salem El Baraasi, Mohamed Ben Lamin et Riadh Zbaida<\/p>\n<p>Palestine: Mondher Youssef El Jawabeh et Bashar Alhroub\u00a0\u00a0 Irak: Ali Ridha Said et Sattar Na\u2019ama<\/p>\n<p>Alg\u00e9rie: Abdelhalim Kebieche, Mustapha Ghedjati, Fatima Chafaa et Salah Jmal<\/p>\n<p>Egypte: Marwa Yousri Zaki Atiaa, Khaled Zaki et Abdelwahab Emad<\/p>\n<p>Maroc: Abdelghani Bibt<\/p>\n<p>Tunisie: Majed Zalila, Boujemaa Belaifa, Mouna Jmal, Leila Rokbani, Hamza Chabbi, Ali Aissa, Ahmed Zalfani, Karim Kammoun, Mohamed H\u00e9di Ayeb, Abdallah Tounakti, Sabra Ben Fraj, Mohamed Ali Saadi, Zohra Lakhdhar, \u00a0\u00a0\u00a0Ilhem Sbaii, Amine Bousoffara, Abdelaziz Mohsni, Chawki Lahmar, Amira<\/p>\n<p>Mtimet, Mourad Chawaya, Malek Saadallah, Mohamed Melki, Haithem Soua, Marianne Catzaras, Marwen Trabelsi, Jilani Ben Cheikh, Samir Ben Gouia, Nejib Bougacha, Mohamed Amine Inoubli, Mohamed Dhahbi, Taher Chennouf, Yasmine Challouf.<\/p>\n<\/div>\n<p>Auteur:<br \/>\n<a href=\"http:\/\/www.aps.dz\/culture\/97411-journees-d-art-contemporain-de-carthage-57-artistes-a-l-exposition-l-internationale-a-l-oeuvre\">Cliquez ici pour lire l&rsquo;article depuis sa source.<\/a><\/p>\n","protected":false},"excerpt":{"rendered":"<p>TUNIS &#8211; \u00ab\u00a0L&rsquo;Internationale \u00e0 l&rsquo;\u0152uvre\u00a0\u00bb est une exposition d&rsquo;art contemporain qui sera organis\u00e9e dans le cadre de la 2\u00e8me \u00e9dition des Journ\u00e9es d&rsquo;Art Contemporain de Carthage (JACC), pr\u00e9vue du 16 au 22 novembre 2019 \u00e0 la Cit\u00e9 de la Culture. Cette manifestation annuelle qui sera plac\u00e9e sous le th\u00e8me \u00ab\u00a0L\u2019art est \u00e0 l\u2019\u0153uvre\u00a0\u00bb est initi\u00e9e [&hellip;]<\/p>\n","protected":false},"author":1790,"featured_media":0,"comment_status":"closed","ping_status":"closed","sticky":false,"template":"","format":"standard","meta":{"fifu_image_url":"","fifu_image_alt":"","footnotes":""},"categories":[53,79],"tags":[],"class_list":["post-67342","post","type-post","status-publish","format-standard","hentry","category-algerie","category-culture"],"_links":{"self":[{"href":"https:\/\/linitiative.ca\/International\/wp-json\/wp\/v2\/posts\/67342","targetHints":{"allow":["GET"]}}],"collection":[{"href":"https:\/\/linitiative.ca\/International\/wp-json\/wp\/v2\/posts"}],"about":[{"href":"https:\/\/linitiative.ca\/International\/wp-json\/wp\/v2\/types\/post"}],"author":[{"embeddable":true,"href":"https:\/\/linitiative.ca\/International\/wp-json\/wp\/v2\/users\/1790"}],"replies":[{"embeddable":true,"href":"https:\/\/linitiative.ca\/International\/wp-json\/wp\/v2\/comments?post=67342"}],"version-history":[{"count":0,"href":"https:\/\/linitiative.ca\/International\/wp-json\/wp\/v2\/posts\/67342\/revisions"}],"wp:attachment":[{"href":"https:\/\/linitiative.ca\/International\/wp-json\/wp\/v2\/media?parent=67342"}],"wp:term":[{"taxonomy":"category","embeddable":true,"href":"https:\/\/linitiative.ca\/International\/wp-json\/wp\/v2\/categories?post=67342"},{"taxonomy":"post_tag","embeddable":true,"href":"https:\/\/linitiative.ca\/International\/wp-json\/wp\/v2\/tags?post=67342"}],"curies":[{"name":"wp","href":"https:\/\/api.w.org\/{rel}","templated":true}]}}