{"id":67343,"date":"2019-11-13T13:04:22","date_gmt":"2019-11-13T18:04:22","guid":{"rendered":"https:\/\/linitiative.ca\/International\/festival-de-danse-contemporaine-une-nouvelle-generation-de-danseurs-algeriens-emerge\/"},"modified":"2019-11-13T13:04:22","modified_gmt":"2019-11-13T18:04:22","slug":"festival-de-danse-contemporaine-une-nouvelle-generation-de-danseurs-algeriens-emerge","status":"publish","type":"post","link":"https:\/\/linitiative.ca\/International\/festival-de-danse-contemporaine-une-nouvelle-generation-de-danseurs-algeriens-emerge\/","title":{"rendered":"Festival de danse contemporaine: une nouvelle g\u00e9n\u00e9ration de danseurs alg\u00e9riens \u00e9merge"},"content":{"rendered":"<div readability=\"37\">\n<p><strong>ALGER &#8211; Des chor\u00e9graphes et des danseurs alg\u00e9riens \u00e9mergents, cr\u00e9atifs et aux ressources certaines, auront \u00e9t\u00e9 la r\u00e9v\u00e9lation de ce 10e Festival international de danse contemporaine d&rsquo;Alger qui s&rsquo;ach\u00e8ve mercredi soir et auquel ont pris part des compagnies \u00e9trang\u00e8res remarqu\u00e9es pour leur haut niveau acad\u00e9mique.<\/strong><\/p>\n<\/div>\n<div readability=\"106\">\n<p>Consacr\u00e9 aux cr\u00e9ations contemporaines, le festival -ouvert samedi \u00e0 l&rsquo;Op\u00e9ra d&rsquo;Alger- repr\u00e9sente un des rares \u00e9v\u00e8nements offerts aux danseurs du ballet national, aux quelques compagnies et \u00e9coles de danse alg\u00e9riennes, \u00ab\u00a0tr\u00e8s rarement visibles\u00a0\u00bb le reste de l&rsquo;ann\u00e9e, observent les familiers du festival.<\/p>\n<p>Cette saison du festival a \u00e9galement permis au public alg\u00e9rois d&rsquo;appr\u00e9cier, cinq jours durant, les derni\u00e8res productions de compagnies et ballets \u00e9trangers de renom, qui ne se produisent en Alg\u00e9rie qu&rsquo;\u00e0 la faveur de cette manifestation annuelle.<\/p>\n<p>Comme chaque ann\u00e9e depuis sa cr\u00e9ation, le festival a pr\u00e9sent\u00e9 au public les spectacles de grands ensembles internationaux de danse, \u00e0 l&rsquo;image entre autres, de la Compagnie portugaise, \u00ab\u00a0Terratcha Flatland\u00a0\u00bb, du \u00ab\u00a0Ballet du Th\u00e9\u00e2tre du Bolcho\u00ef\u00a0\u00bb et ses danseurs-\u00e9toiles, des compagnies malienne \u00ab\u00a0Karemba Studio\u00a0\u00bb, syrienne de danse th\u00e9\u00e2trale \u00ab\u00a0Miral\u00a0\u00bb\u00a0 et la compagnie \u00e9gyptienne de danse moderne habitu\u00e9es de la manifestation.<\/p>\n<p>Le ballet de l&rsquo;Ensemble \u00ab\u00a0Arabesque\u00a0\u00bb et le \u00ab\u00a0Ballet du Th\u00e9\u00e2tre du Bolcho\u00ef\u00a0\u00bb de Russie, invit\u00e9e d&rsquo;honneur du festival, ont ouvert cette 10\u00e8me \u00e9dition en pr\u00e9sentant deux programmes diff\u00e9rents en lien avec les traditions des deux pays, danses sur les musiques andalouse et chaouie, et \u00ab\u00a0Le pas de deux\u00a0 de la Sylfide\u00a0\u00bb du ballet du Th\u00e9\u00e2tre de Bolcho\u00ef, respectivement.<\/p>\n<p><span class=\"c30\"><strong>Une sc\u00e8ne plus mature<\/strong><\/span><\/p>\n<p>Au plan de de l&rsquo;organisation, la \u00ab\u00a0centralisation\u00a0\u00bb et le choix d&rsquo;un seul \u00e9tablissement -l&rsquo;Op\u00e9ra d&rsquo;Alger- pour accueillir cette 10e \u00e9dition,\u00a0 n&rsquo;ont pas \u00e9t\u00e9 des plus pertinents, selon les observateurs qui jugent par ailleurs la promotion de l&rsquo;\u00e9v\u00e8nement \u00ab\u00a0tardive et tr\u00e8s insuffisante\u00a0\u00bb, avec pour r\u00e9sultat une affluence moindre du public.<\/p>\n<p>Malgr\u00e9 l&rsquo;absence de noms alg\u00e9riens reconnus de la sc\u00e8ne de danse contemporaine, \u00ab\u00a0Dream Team\u00a0\u00bb de Tizi-Ouzou et \u00ab\u00a0Mosta.Stars\u00a0\u00bb de Mostaganem, deux compagnies montantes du sixi\u00e8me art, ont pu pr\u00e9senter leurs nouvelles cr\u00e9ations au public \u00e0 la faveur de cette 10\u00e8me \u00e9dition.<\/p>\n<p>Le 10e festival de de danse contemporaine a \u00e9galement ouvert sa programmation aux prestations en solo, \u00e0 l&rsquo;image de de \u00ab\u00a0Dhadjidj Es&rsquo;Samt\u00a0\u00bb (le bruit du silence) de Abdessamad Seddouk de Sidi Bel Abb\u00e8s.<\/p>\n<p>Pr\u00e9sente au festival depuis plusieurs \u00e9ditions d\u00e9j\u00e0, cette compagnie a laiss\u00e9 une bonne impression chez le public.<\/p>\n<p>Pour leur part, les danseurs du Ballet de l&rsquo;Op\u00e9ra d&rsquo;Alger, convertis ces derni\u00e8res ann\u00e9es aux chor\u00e9graphies contemporaines, ont brill\u00e9 \u00e0 ce festival gr\u00e2ce \u00e0 des th\u00e9matiques puis\u00e9es dans le patrimoine ou en lien avec des sujets d&rsquo;actualit\u00e9.<\/p>\n<p>Le 10e Festival international de danse contemporaine d&rsquo;Alger a par, ailleurs, accueilli des masters class organis\u00e9s au profit des jeunes danseurs issus de diff\u00e9rentes \u00e9coles et instituts\u00a0 nationaux et de compagnies priv\u00e9es.<\/p>\n<\/div>\n<p>Auteur:<br \/>\n<a href=\"http:\/\/www.aps.dz\/culture\/97443-festival-de-danse-contemporaine-une-nouvelle-generation-de-danseurs-algeriens-emerge\">Cliquez ici pour lire l&rsquo;article depuis sa source.<\/a><\/p>\n","protected":false},"excerpt":{"rendered":"<p>ALGER &#8211; Des chor\u00e9graphes et des danseurs alg\u00e9riens \u00e9mergents, cr\u00e9atifs et aux ressources certaines, auront \u00e9t\u00e9 la r\u00e9v\u00e9lation de ce 10e Festival international de danse contemporaine d&rsquo;Alger qui s&rsquo;ach\u00e8ve mercredi soir et auquel ont pris part des compagnies \u00e9trang\u00e8res remarqu\u00e9es pour leur haut niveau acad\u00e9mique. Consacr\u00e9 aux cr\u00e9ations contemporaines, le festival -ouvert samedi \u00e0 l&rsquo;Op\u00e9ra [&hellip;]<\/p>\n","protected":false},"author":1790,"featured_media":0,"comment_status":"closed","ping_status":"closed","sticky":false,"template":"","format":"standard","meta":{"fifu_image_url":"","fifu_image_alt":"","footnotes":""},"categories":[53,79],"tags":[],"class_list":["post-67343","post","type-post","status-publish","format-standard","hentry","category-algerie","category-culture"],"_links":{"self":[{"href":"https:\/\/linitiative.ca\/International\/wp-json\/wp\/v2\/posts\/67343","targetHints":{"allow":["GET"]}}],"collection":[{"href":"https:\/\/linitiative.ca\/International\/wp-json\/wp\/v2\/posts"}],"about":[{"href":"https:\/\/linitiative.ca\/International\/wp-json\/wp\/v2\/types\/post"}],"author":[{"embeddable":true,"href":"https:\/\/linitiative.ca\/International\/wp-json\/wp\/v2\/users\/1790"}],"replies":[{"embeddable":true,"href":"https:\/\/linitiative.ca\/International\/wp-json\/wp\/v2\/comments?post=67343"}],"version-history":[{"count":0,"href":"https:\/\/linitiative.ca\/International\/wp-json\/wp\/v2\/posts\/67343\/revisions"}],"wp:attachment":[{"href":"https:\/\/linitiative.ca\/International\/wp-json\/wp\/v2\/media?parent=67343"}],"wp:term":[{"taxonomy":"category","embeddable":true,"href":"https:\/\/linitiative.ca\/International\/wp-json\/wp\/v2\/categories?post=67343"},{"taxonomy":"post_tag","embeddable":true,"href":"https:\/\/linitiative.ca\/International\/wp-json\/wp\/v2\/tags?post=67343"}],"curies":[{"name":"wp","href":"https:\/\/api.w.org\/{rel}","templated":true}]}}