{"id":67350,"date":"2019-11-13T08:46:43","date_gmt":"2019-11-13T13:46:43","guid":{"rendered":"https:\/\/linitiative.ca\/International\/focus-sur-les-textiles-intelligents-et-la-mass-customisation\/"},"modified":"2019-11-13T08:46:43","modified_gmt":"2019-11-13T13:46:43","slug":"focus-sur-les-textiles-intelligents-et-la-mass-customisation","status":"publish","type":"post","link":"https:\/\/linitiative.ca\/International\/focus-sur-les-textiles-intelligents-et-la-mass-customisation\/","title":{"rendered":"Focus sur les Textiles Intelligents et la Mass Customisation"},"content":{"rendered":"<div readability=\"41\">\n<p>Marrakech \u2013 La 7\u00e8me \u00e9dition de la Conf\u00e9rence Internationale sur les Textiles Intelligents et la Mass Customisation, \u00ab\u00a0The ITMC 2019\u00a0\u00bb, a ouvert ses travaux, mercredi \u00e0 Marrakech, avec la participation de plus de 250 conf\u00e9renciers, chercheurs et industriels en provenance de 34 pays, dont des sommit\u00e9s mondiales dans ce domaine.<\/p>\n<\/div>\n<div readability=\"179\">\n<p>Initi\u00e9e par l\u2019Ecole Sup\u00e9rieure des Industries du Textile et de l\u2019Habillement (ESITH), en collaboration avec l\u2019Ecole Nationale Sup\u00e9rieure des Arts et Industries Textiles (ENSAIT) de Roubaix (France), l\u2019Universit\u00e9 de Ghent en Belgique, l\u2019Universit\u00e9 de Shinshu au Japon et le Groupe CTT au Canada, cette manifestation, qui se poursuit jusqu\u2019au 15 novembre, accueille \u00e9galement un comit\u00e9 scientifique de 40 chercheurs africains, europ\u00e9ens, am\u00e9ricains et asiatiques, avec pour finalit\u00e9 d\u2019aborder des sujets vari\u00e9s et d\u2019actualit\u00e9 relevant de ce secteur d\u2019activit\u00e9 tr\u00e8s pointu et prometteur.<\/p>\n<p>Cette Rencontre de grande envergure vise, en outre, \u00e0 optimiser et \u00e0 maximiser le potentiel de d\u00e9veloppement du Textile Intelligent et ses diverses applications, et \u00e0 jouer le r\u00f4le de catalyseur, en vue de renforcer les synergies entre les producteurs et les industries de transformation, les fournisseurs et les consommateurs de tous les secteurs.<\/p>\n<p>S\u2019exprimant \u00e0 cette occasion, le pr\u00e9sident du Directoire de l\u2019ESITH, M. Mohamed Lahlou, a indiqu\u00e9 que cette Conf\u00e9rence se veut une v\u00e9ritable plate-forme de rencontres de choix et d\u2019\u00e9change fructueux et productifs sur les travaux de recherche dans le domaine du textile technique, et de mani\u00e8re sp\u00e9cifique, sur les textiles intelligents et la mass customisation, ajoutant que ce conclave repr\u00e9sente \u00e9galement un espace idoine en vue de communiquer sur l\u2019avancement des travaux de recherche dans ce domaine qui va marquer l\u2019avenir.<\/p>\n<p>A ce propos, il a soulign\u00e9 qu\u2019en Europe, pr\u00e8s de 50% de la production du textile est d\u00e9di\u00e9e au textile technique et intelligent, notant qu&rsquo;\u00a0\u00bbau Maroc, nous sommes encore au d\u00e9but m\u00eame si l\u2019on constate un r\u00e9el d\u00e9veloppement avec la cr\u00e9ation du Cluster des Textiles Techniques\u00a0\u00bb.<\/p>\n<p>Rappelant que la premi\u00e8re Conf\u00e9rence ITMC a \u00e9t\u00e9 tenue \u00e0 Casablanca en 2007 en partenariat avec l\u2019ENSAIT de Roubaix, M. Lahlou, \u00e9galement co-pr\u00e9sident de la Conf\u00e9rence, a fait savoir qu\u2019apr\u00e8s plusieurs \u00e9ditions, l\u2019ITMC 2019 est la 2\u00e8me rencontre \u00e0 \u00eatre organis\u00e9e dans le cadre d\u2019un partenariat plus \u00e9largi (ESITH, ENSAIT, Universit\u00e9 de Ghent, CTT et Universit\u00e9 de Shinshu), ce qui a donn\u00e9 \u00e0 cet \u00e9v\u00e9nement une tr\u00e8s grande valeur \u00e0 l\u2019\u00e9chelle internationale.<\/p>\n<p>Et de poursuivre que la Conf\u00e9rence ITMC, qui se tient tous les deux ans, a voyag\u00e9 deux fois \u00e0 l\u2019ext\u00e9rieur du Maroc: en 2013, elle a \u00e9t\u00e9 organis\u00e9e par l\u2019ENSAIT de Roubaix en France et en 2017 par l\u2019Universit\u00e9 de Ghent en Belgique.<\/p>\n<p>Il a aussi relev\u00e9 que cette Conf\u00e9rence, qui a eu un accueil des plus favorables d\u00e8s le d\u00e9but au niveau mondial, ne cesse d\u2019acqu\u00e9rir plus de rayonnement \u00e0 l\u2019international.<\/p>\n<p>M. Lahlou a expliqu\u00e9 que l\u2019ITMC 2019 se distingue, cette ann\u00e9e, comme \u00e9tant un \u00e9v\u00e9nement qui r\u00e9unit \u00e0 la fois plusieurs activit\u00e9s: la Conf\u00e9rence ITMC, le Salon sur les Smart Textiles, la Rencontre des membres d\u2019AUTEX (Association of Universities for Textiles), et la Rencontre des partenaires du projet FOSTEX du programme ERASMUS Capacity Building, dont l\u2019ESITH est partenaire.<\/p>\n<p>Le programme de cette \u00e9dition de l\u2019ITMC est \u00ab\u00a0tr\u00e8s riche en qualit\u00e9 et en quantit\u00e9\u00a0\u00bb et se caract\u00e9rise aussi par la tenue de neuf conf\u00e9rences pl\u00e9ni\u00e8res de haut niveau, avec la participation de conf\u00e9renciers de renomm\u00e9e internationale, notamment le Professeur Rachid Yazami, chercheur marocain et co-inventeur de la batterie au Lithium-Ion, qui animera une conf\u00e9rence sous le th\u00e8me \u00ab\u00a0Lithium-Ion Batteries in a fast-changing world\u00a0\u00bb.<\/p>\n<p>Ces pl\u00e9ni\u00e8res, a-t-il dit, offriront l\u2019occasion aux diff\u00e9rents conf\u00e9renciers de partager leurs savoirs et leurs comp\u00e9tences, et d\u2019exposer leurs r\u00e9flexions et leurs sujets de recherche dans ces domaines pointus et d\u2019actualit\u00e9, dans le cadre d\u2019un esprit d\u2019\u00e9change tr\u00e8s b\u00e9n\u00e9fique.<\/p>\n<p>De son c\u00f4t\u00e9, Jacek Mlynarek, du Groupe CTT, co-organisateur de cet \u00e9v\u00e9nement, dont la prochaine \u00e9dition aura lieu au Canada en 2021, a indiqu\u00e9 que le textile intelligent repr\u00e9sente, sans nul doute, \u00ab\u00a0une nouvelle vague de d\u00e9veloppement et d\u2019am\u00e9lioration des produits textiles auxquels s\u2019ajoute l\u2019intelligence des mat\u00e9riaux pour garantir plus de confort en faveur des diff\u00e9rentes cat\u00e9gories de consommateurs\u00a0\u00bb.<\/p>\n<p>Evoquant l\u2019industrie du textile au Maroc, M. Mlynarek a aussi pr\u00e9cis\u00e9, dans une d\u00e9claration \u00e0 la MAP, que depuis quelques ann\u00e9es, force est de constater une \u00ab\u00a0v\u00e9ritable tendance extraordinaire de changement du textile traditionnel vers le textile intelligent et technique\u00a0\u00bb, tout en se f\u00e9licitant de la collaboration \u00e9troite liant l\u2019ESITH et le CTT qui travaillent dans un cadre de partenariat pour la mise en place d\u2019une nouvelle vision de d\u00e9veloppement du textile intelligent dans le Royaume, sachant que ce domaine \u00e0 forte valeur ajout\u00e9e offre un immense potentiel d\u2019avenir \u00e0 exploiter.<\/p>\n<p>Il a, dans ce sens, fait remarquer qu\u2019un travail est men\u00e9 aussi avec l\u2019industrie textile au Maroc et l\u2019ESITH en vue de s\u2019assurer d\u2019avoir une production de certains mat\u00e9riaux d\u00e9di\u00e9s \u00e0 ce genre de textile qui soient d\u2019origine marocaine et non pas d\u2019origine \u00e9trang\u00e8re.<\/p>\n<p>En marge de l\u2019ITMC 2019, et pour la premi\u00e8re fois, le Salon sur les Smart Textiles sera d\u00e9localis\u00e9 \u00e0 l\u2019\u00e9tranger. Ce Salon, initi\u00e9 par l\u2019Universit\u00e9 de Ghent et toujours organis\u00e9 en Belgique, met des prototypes des Smart Textiles en exposition interactive dans l\u2019objectif d\u2019\u00e9changer sur leurs fonctionnalit\u00e9s et d\u00e9couvrir le potentiel \u00e9norme qu\u2019ils offrent pour le march\u00e9.<\/p>\n<p>A noter que les recommandations formul\u00e9es lors de l\u2019ITMC 2019 vont apporter des contributions significatives dans le domaine du textile intelligent et de son utilisation.<\/p>\n<p>Les Textiles \u00e0 usage technique sont des produits \u00e0 base textile qui r\u00e9pondent \u00e0 des besoins de haute performance, sp\u00e9cifi\u00e9s pour une application particuli\u00e8re. Ils poss\u00e8dent des propri\u00e9t\u00e9s m\u00e9caniques, \u00e9lectriques, durables, thermiques et fonctionnelles am\u00e9lior\u00e9es qui les rendent utilisables dans diverses industries d\u2019utilisation finale, notamment l\u2019automobile, la construction, l\u2019industrie et le domaine m\u00e9dical.<\/p>\n<\/div>\n<p>Auteur: Meriem IGASS<br \/>\n<a href=\"http:\/\/www.mapmarrakech.ma\/fr\/textiles\/\">Cliquez ici pour lire l&rsquo;article depuis sa source.<\/a><\/p>\n","protected":false},"excerpt":{"rendered":"<p>Marrakech \u2013 La 7\u00e8me \u00e9dition de la Conf\u00e9rence Internationale sur les Textiles Intelligents et la Mass Customisation, \u00ab\u00a0The ITMC 2019\u00a0\u00bb, a ouvert ses travaux, mercredi \u00e0 Marrakech, avec la participation de plus de 250 conf\u00e9renciers, chercheurs et industriels en provenance de 34 pays, dont des sommit\u00e9s mondiales dans ce domaine. Initi\u00e9e par l\u2019Ecole Sup\u00e9rieure des [&hellip;]<\/p>\n","protected":false},"author":1788,"featured_media":0,"comment_status":"closed","ping_status":"closed","sticky":false,"template":"","format":"standard","meta":{"fifu_image_url":"","fifu_image_alt":"","footnotes":""},"categories":[54,76],"tags":[],"class_list":["post-67350","post","type-post","status-publish","format-standard","hentry","category-maroc","category-regions"],"_links":{"self":[{"href":"https:\/\/linitiative.ca\/International\/wp-json\/wp\/v2\/posts\/67350","targetHints":{"allow":["GET"]}}],"collection":[{"href":"https:\/\/linitiative.ca\/International\/wp-json\/wp\/v2\/posts"}],"about":[{"href":"https:\/\/linitiative.ca\/International\/wp-json\/wp\/v2\/types\/post"}],"author":[{"embeddable":true,"href":"https:\/\/linitiative.ca\/International\/wp-json\/wp\/v2\/users\/1788"}],"replies":[{"embeddable":true,"href":"https:\/\/linitiative.ca\/International\/wp-json\/wp\/v2\/comments?post=67350"}],"version-history":[{"count":0,"href":"https:\/\/linitiative.ca\/International\/wp-json\/wp\/v2\/posts\/67350\/revisions"}],"wp:attachment":[{"href":"https:\/\/linitiative.ca\/International\/wp-json\/wp\/v2\/media?parent=67350"}],"wp:term":[{"taxonomy":"category","embeddable":true,"href":"https:\/\/linitiative.ca\/International\/wp-json\/wp\/v2\/categories?post=67350"},{"taxonomy":"post_tag","embeddable":true,"href":"https:\/\/linitiative.ca\/International\/wp-json\/wp\/v2\/tags?post=67350"}],"curies":[{"name":"wp","href":"https:\/\/api.w.org\/{rel}","templated":true}]}}