{"id":67355,"date":"2019-11-13T12:46:44","date_gmt":"2019-11-13T17:46:44","guid":{"rendered":"https:\/\/linitiative.ca\/International\/khenchela-distribution-de-53-bus-de-transport-scolaire\/"},"modified":"2019-11-13T12:46:44","modified_gmt":"2019-11-13T17:46:44","slug":"khenchela-distribution-de-53-bus-de-transport-scolaire","status":"publish","type":"post","link":"https:\/\/linitiative.ca\/International\/khenchela-distribution-de-53-bus-de-transport-scolaire\/","title":{"rendered":"Khenchela: distribution de 53 bus de transport scolaire"},"content":{"rendered":"<div readability=\"37\">\n<p><strong>KHENCHELA &#8211; Une op\u00e9ration de distribution de cinquante-trois (53) bus de transport scolaire de la marque Mercedes-Benz au profit de 21 communes de Khenchela a eu lieu mercredi en pr\u00e9sence des autorit\u00e9s locales et du directeur g\u00e9n\u00e9ral des moyens et des finances aupr\u00e8s du minist\u00e8re de l\u2019Int\u00e9rieur, des Collectivit\u00e9s locales et de l\u2019Am\u00e9nagement du territoire, Yazid Zeghbib.<\/strong><\/p>\n<\/div>\n<div readability=\"77.5\">\n<p>La commune montagneuse de Bouhamama a b\u00e9n\u00e9fici\u00e9 de 4 bus de transport scolaire, alors que les communes de Khenchela, El Hamma, Tamza, Ouled Rechache, El Ouldja, El Kheirane, Chechar et Ain Touila ont b\u00e9n\u00e9fici\u00e9 de trois bus chacune.<\/p>\n<p>Les communes de Beghai, El Mahmal, Djellal, Lemsara, Chelia, Yabous, Taouzyant, Metoussa, E\u2019sigha ont b\u00e9n\u00e9fici\u00e9 chacune, de 2 bus de transport scolaire pour combler le d\u00e9ficit enregistr\u00e9 en la mati\u00e8re.<\/p>\n<p>Dans une allocution prononc\u00e9e \u00e0 cette occasion, le chef de l\u2019ex\u00e9cutif local, Kamel Nouicer a indiqu\u00e9 que la distribution de ce lot de bus scolaire s\u2019inscrit dans le cadre d\u2019un programme national visant l\u2019am\u00e9lioration des conditions de scolarisation des \u00e9l\u00e8ves issus des r\u00e9gions rurales et enclav\u00e9es pour permettre un meilleur rendement scolaire et lutter contre la d\u00e9perdition scolaire.<\/p>\n<blockquote readability=\"10\">\n<p><em><strong>La distribution de ces bus scolaires au profit des diff\u00e9rentes communes de la wilaya constitue un \u00ab\u00a0acquis\u00a0\u00bb pour les scolaris\u00e9s des r\u00e9gions enclav\u00e9es car permettant de mettre fin au calvaire au quotidien des longues distances \u00e0 parcourir \u00e0\u00a0 pied pour rejoindre les bancs des classes, a estim\u00e9 le pr\u00e9sident de l\u2019Assembl\u00e9e populaire de wilaya (APW), Bouali Touhami.<\/strong><\/em><\/p>\n<\/blockquote>\n<p>Le pr\u00e9sident de l\u2019Assembl\u00e9e populaire communale de Bouhamama, Rachid Ounissi, mettant l\u2019accent sur l\u2019impact de cette op\u00e9ration devant permettre d\u2019\u00e9liminer la contrainte du transport scolaire dont souffrait cette collectivit\u00e9 montagneuse, a exhort\u00e9 les responsables de tutelle \u00e0 \u00ab\u00a0lever le gel sur l\u2019op\u00e9ration de recrutement de chauffeurs pour rendre ces bus (4) op\u00e9rationnels dans les meilleurs d\u00e9lais\u00a0\u00bb.<\/p>\n<p>La wilaya de Khenchela comptait 110 bus de transport scolaire (52 d\u00e9pendant du minist\u00e8re de l\u2019Int\u00e9rieur, des Collectivit\u00e9s locales et de l\u2019Am\u00e9nagement du territoire et 58 du minist\u00e8re de la Solidarit\u00e9 Nationale) pour 7.158 \u00e9l\u00e8ves des trois paliers scolaires issus de 21 communes.<\/p>\n<\/div>\n<p>Auteur:<br \/>\n<a href=\"http:\/\/www.aps.dz\/regions\/97453-khenchela-distribution-de-53-bus-de-transport-scolaire\">Cliquez ici pour lire l&rsquo;article depuis sa source.<\/a><\/p>\n","protected":false},"excerpt":{"rendered":"<p>KHENCHELA &#8211; Une op\u00e9ration de distribution de cinquante-trois (53) bus de transport scolaire de la marque Mercedes-Benz au profit de 21 communes de Khenchela a eu lieu mercredi en pr\u00e9sence des autorit\u00e9s locales et du directeur g\u00e9n\u00e9ral des moyens et des finances aupr\u00e8s du minist\u00e8re de l\u2019Int\u00e9rieur, des Collectivit\u00e9s locales et de l\u2019Am\u00e9nagement du territoire, [&hellip;]<\/p>\n","protected":false},"author":1790,"featured_media":0,"comment_status":"closed","ping_status":"closed","sticky":false,"template":"","format":"standard","meta":{"fifu_image_url":"","fifu_image_alt":"","footnotes":""},"categories":[53,76],"tags":[],"class_list":["post-67355","post","type-post","status-publish","format-standard","hentry","category-algerie","category-regions"],"_links":{"self":[{"href":"https:\/\/linitiative.ca\/International\/wp-json\/wp\/v2\/posts\/67355","targetHints":{"allow":["GET"]}}],"collection":[{"href":"https:\/\/linitiative.ca\/International\/wp-json\/wp\/v2\/posts"}],"about":[{"href":"https:\/\/linitiative.ca\/International\/wp-json\/wp\/v2\/types\/post"}],"author":[{"embeddable":true,"href":"https:\/\/linitiative.ca\/International\/wp-json\/wp\/v2\/users\/1790"}],"replies":[{"embeddable":true,"href":"https:\/\/linitiative.ca\/International\/wp-json\/wp\/v2\/comments?post=67355"}],"version-history":[{"count":0,"href":"https:\/\/linitiative.ca\/International\/wp-json\/wp\/v2\/posts\/67355\/revisions"}],"wp:attachment":[{"href":"https:\/\/linitiative.ca\/International\/wp-json\/wp\/v2\/media?parent=67355"}],"wp:term":[{"taxonomy":"category","embeddable":true,"href":"https:\/\/linitiative.ca\/International\/wp-json\/wp\/v2\/categories?post=67355"},{"taxonomy":"post_tag","embeddable":true,"href":"https:\/\/linitiative.ca\/International\/wp-json\/wp\/v2\/tags?post=67355"}],"curies":[{"name":"wp","href":"https:\/\/api.w.org\/{rel}","templated":true}]}}