{"id":67356,"date":"2019-11-12T17:01:19","date_gmt":"2019-11-12T22:01:19","guid":{"rendered":"https:\/\/linitiative.ca\/International\/madagh-la-14eme-rencontre-mondiale-du-soufisme\/"},"modified":"2019-11-12T17:01:19","modified_gmt":"2019-11-12T22:01:19","slug":"madagh-la-14eme-rencontre-mondiale-du-soufisme","status":"publish","type":"post","link":"https:\/\/linitiative.ca\/International\/madagh-la-14eme-rencontre-mondiale-du-soufisme\/","title":{"rendered":"Madagh: La 14\u00e8me Rencontre mondiale du soufisme"},"content":{"rendered":"<p><iframe loading=\"lazy\" width=\"1170\" height=\"658\" src=\"https:\/\/www.youtube.com\/embed\/CyjME6AFtSg?feature=oembed\" frameborder=\"0\" allow=\"accelerometer; autoplay; encrypted-media; gyroscope; picture-in-picture\" allowfullscreen=\"\">[embedded content]<\/iframe><\/p>\n<div class=\"post-header-inner\">\n<div class=\"post-header-title\">\n<p>\n\t\t\t\t<span class=\"time\"><time class=\"post-published updated\" datetime=\"2019-11-12T23:01:19+00:00\"><b><b> 12 novembre 2019 <\/b> <\/b><\/time><\/span>\n\t\t\t<\/p>\n<\/p><\/div>\n<\/p><\/div>\n<div class=\"single-post-excerpt post-excerpt-bc\" readability=\"37\">\n<p>Les travaux de la 14\u00e8me Rencontre mondiale du soufisme ont d\u00e9but\u00e9, \u00e0 Madagh (province de Berkane), sous le th\u00e8me \u2019\u2019Soufisme et d\u00e9veloppement, la dimension spirituelle et l\u2019\u00e9dification de l\u2019Homme\u2019\u2019.<\/p>\n<\/div>\n<p>Auteur: Soufiane ELAHMAR<br \/>\n<a href=\"http:\/\/www.mapoujda.ma\/fr\/madagh-la-14eme-rencontre-mondiale-du-soufisme\/\">Cliquez ici pour lire l&rsquo;article depuis sa source.<\/a><\/p>\n","protected":false},"excerpt":{"rendered":"<p>[embedded content] 12 novembre 2019 Les travaux de la 14\u00e8me Rencontre mondiale du soufisme ont d\u00e9but\u00e9, \u00e0 Madagh (province de Berkane), sous le th\u00e8me \u2019\u2019Soufisme et d\u00e9veloppement, la dimension spirituelle et l\u2019\u00e9dification de l\u2019Homme\u2019\u2019. Auteur: Soufiane ELAHMAR Cliquez ici pour lire l&rsquo;article depuis sa source.<\/p>\n","protected":false},"author":1788,"featured_media":0,"comment_status":"closed","ping_status":"closed","sticky":false,"template":"","format":"standard","meta":{"fifu_image_url":"","fifu_image_alt":"","footnotes":""},"categories":[54,76],"tags":[],"class_list":["post-67356","post","type-post","status-publish","format-standard","hentry","category-maroc","category-regions"],"_links":{"self":[{"href":"https:\/\/linitiative.ca\/International\/wp-json\/wp\/v2\/posts\/67356","targetHints":{"allow":["GET"]}}],"collection":[{"href":"https:\/\/linitiative.ca\/International\/wp-json\/wp\/v2\/posts"}],"about":[{"href":"https:\/\/linitiative.ca\/International\/wp-json\/wp\/v2\/types\/post"}],"author":[{"embeddable":true,"href":"https:\/\/linitiative.ca\/International\/wp-json\/wp\/v2\/users\/1788"}],"replies":[{"embeddable":true,"href":"https:\/\/linitiative.ca\/International\/wp-json\/wp\/v2\/comments?post=67356"}],"version-history":[{"count":0,"href":"https:\/\/linitiative.ca\/International\/wp-json\/wp\/v2\/posts\/67356\/revisions"}],"wp:attachment":[{"href":"https:\/\/linitiative.ca\/International\/wp-json\/wp\/v2\/media?parent=67356"}],"wp:term":[{"taxonomy":"category","embeddable":true,"href":"https:\/\/linitiative.ca\/International\/wp-json\/wp\/v2\/categories?post=67356"},{"taxonomy":"post_tag","embeddable":true,"href":"https:\/\/linitiative.ca\/International\/wp-json\/wp\/v2\/tags?post=67356"}],"curies":[{"name":"wp","href":"https:\/\/api.w.org\/{rel}","templated":true}]}}