{"id":67359,"date":"2019-11-13T11:02:45","date_gmt":"2019-11-13T16:02:45","guid":{"rendered":"https:\/\/linitiative.ca\/International\/parution-dun-nouveau-numero-de-la-revue-oriental-ma\/"},"modified":"2019-11-13T11:02:45","modified_gmt":"2019-11-13T16:02:45","slug":"parution-dun-nouveau-numero-de-la-revue-oriental-ma","status":"publish","type":"post","link":"https:\/\/linitiative.ca\/International\/parution-dun-nouveau-numero-de-la-revue-oriental-ma\/","title":{"rendered":"Parution d\u2019un nouveau num\u00e9ro de la revue \u00ab\u00a0Oriental.ma\u00a0\u00bb"},"content":{"rendered":"<p class=\"c1\">Un nouveau num\u00e9ro de la revue th\u00e9matique \u00ab\u00a0Oriental.ma\u00a0\u00bb, intitul\u00e9 \u00ab\u00a0Sport, d\u00e9veloppement et inclusion sociale. Gloires anciennes et ambitions nouvelles\u00a0\u00bb, vient de para\u00eetre.<\/p>\n<p class=\"c1\">Outre un \u00e9ditorial du Directeur g\u00e9n\u00e9ral de l\u2019Agence de l\u2019Oriental, Mohamed Mbarki, plac\u00e9 sous le titre \u00ab\u00a0Dans l\u2019Oriental, le sport a son histoire et sa modernit\u00e9\u00a0\u00bb, la revue propose, dans ce N.21, des \u00e9clairages sur la pratique sportive et les figures embl\u00e9matiques ayant marqu\u00e9 de leurs empreintes le monde du ballon rond dans la r\u00e9gion.<\/p>\n<p class=\"c1\">Elle permet au lecteur de dresser un \u00e9tat des lieux et exposer les perspectives d\u2019avenir des sports pratiqu\u00e9s dans la r\u00e9gion et montre comment ce secteur contribue \u00e0 la coh\u00e9sion et l\u2019harmonie sociale, leviers de d\u00e9veloppement territorial.<\/p>\n<p class=\"c1\">Ainsi, ce num\u00e9ro est marqu\u00e9, entre autres, par un portrait du pr\u00e9sident de la F\u00e9d\u00e9ration royale marocaine de football, Fouzi Lekja\u00e2, natif de Berkane, et les efforts qu\u2019il d\u00e9ploie pour la r\u00e9forme du championnat national afin de produire des \u00e9quipes aux pr\u00e9sences remarqu\u00e9es dans les comp\u00e9titions continentales, ainsi que par des focus sur plusieurs personnalit\u00e9s sportives de la r\u00e9gion, dont Mostafa Jelti, Karim Dronet et Michel Sudarski.<\/p>\n<p class=\"c1\">Ce num\u00e9ro pr\u00e9sente \u00e9galement l\u2019histoire et les r\u00e9alisations sportives majeures de cette r\u00e9gions, appuy\u00e9es par les t\u00e9moignages de champions d\u2019exception issus de cette r\u00e9gions, ayant excell\u00e9 dans plusieurs disciplines sportives aussi bien \u00e0 l\u2019int\u00e9rieur qu\u2019\u00e0 l\u2019ext\u00e9rieur du pays, notamment Jamal Kaaouachi, pr\u00e9sident de la Ligue de l\u2019Oriental de football, Abdelatif Benazzi, ex-joueur international de rugby et pr\u00e9sident de l\u2019Association Noor.<\/p>\n<p class=\"c1\">Il s\u2019agit aussi de Youn\u00e8s Cherfaoui, fondateur et pr\u00e9sident de l\u2019Association marocaine de korfball et pr\u00e9sident-fondateur de l\u2019Association des jeunes m\u00e9diterran\u00e9ens, et Abdelkader Zrouri, capitaine de l\u2019\u00e9quipe marocaine de taekwondo et pr\u00e9sident de l\u2019Association Oujda sport pour le d\u00e9veloppement.<\/p>\n<p class=\"c1\">Dans son \u00e9ditorial, M. Mbarki indique que l\u2019histoire du sport dans l\u2019Oriental est belle et forte, conforme aux valeurs soci\u00e9tales traditionnelles de cette r\u00e9gion, faisant observer que des complexes, des salles et des terrains sont inaugur\u00e9s chaque ann\u00e9e dans toute la r\u00e9gion dans un effort intense pour r\u00e9pondre aux attentes des pratiquants et en attirer de nouveaux.<\/p>\n<p class=\"c1\">\u00ab\u00a0Les succ\u00e8s des sportifs de l\u2019Oriental au Maroc et \u00e0 l\u2019international sont une promotion pour la r\u00e9gion toute enti\u00e8re\u00a0\u00bb, se f\u00e9licite-t-il, assurant que l\u2019Agence de l\u2019Oriental continuera d\u2019apporter son soutien au d\u00e9veloppement du sport dans toute la r\u00e9gion, de Figuig \u00e0 la M\u00e9diterran\u00e9e, et d\u2019appuyer toutes les initiatives d\u2019int\u00e9r\u00eat g\u00e9n\u00e9ral porteuses de bien-\u00eatre et d\u2019\u00e9panouissement, des jeunes en particulier.<\/p>\n<p>Auteur: Soufiane ELAHMAR<br \/>\n<a href=\"http:\/\/www.mapoujda.ma\/fr\/parution-dun-nouveau-numero-de-la-revue-oriental-ma\/\">Cliquez ici pour lire l&rsquo;article depuis sa source.<\/a><\/p>\n","protected":false},"excerpt":{"rendered":"<p>Un nouveau num\u00e9ro de la revue th\u00e9matique \u00ab\u00a0Oriental.ma\u00a0\u00bb, intitul\u00e9 \u00ab\u00a0Sport, d\u00e9veloppement et inclusion sociale. Gloires anciennes et ambitions nouvelles\u00a0\u00bb, vient de para\u00eetre. Outre un \u00e9ditorial du Directeur g\u00e9n\u00e9ral de l\u2019Agence de l\u2019Oriental, Mohamed Mbarki, plac\u00e9 sous le titre \u00ab\u00a0Dans l\u2019Oriental, le sport a son histoire et sa modernit\u00e9\u00a0\u00bb, la revue propose, dans ce N.21, des [&hellip;]<\/p>\n","protected":false},"author":1788,"featured_media":0,"comment_status":"closed","ping_status":"closed","sticky":false,"template":"","format":"standard","meta":{"fifu_image_url":"","fifu_image_alt":"","footnotes":""},"categories":[54,76],"tags":[],"class_list":["post-67359","post","type-post","status-publish","format-standard","hentry","category-maroc","category-regions"],"_links":{"self":[{"href":"https:\/\/linitiative.ca\/International\/wp-json\/wp\/v2\/posts\/67359","targetHints":{"allow":["GET"]}}],"collection":[{"href":"https:\/\/linitiative.ca\/International\/wp-json\/wp\/v2\/posts"}],"about":[{"href":"https:\/\/linitiative.ca\/International\/wp-json\/wp\/v2\/types\/post"}],"author":[{"embeddable":true,"href":"https:\/\/linitiative.ca\/International\/wp-json\/wp\/v2\/users\/1788"}],"replies":[{"embeddable":true,"href":"https:\/\/linitiative.ca\/International\/wp-json\/wp\/v2\/comments?post=67359"}],"version-history":[{"count":0,"href":"https:\/\/linitiative.ca\/International\/wp-json\/wp\/v2\/posts\/67359\/revisions"}],"wp:attachment":[{"href":"https:\/\/linitiative.ca\/International\/wp-json\/wp\/v2\/media?parent=67359"}],"wp:term":[{"taxonomy":"category","embeddable":true,"href":"https:\/\/linitiative.ca\/International\/wp-json\/wp\/v2\/categories?post=67359"},{"taxonomy":"post_tag","embeddable":true,"href":"https:\/\/linitiative.ca\/International\/wp-json\/wp\/v2\/tags?post=67359"}],"curies":[{"name":"wp","href":"https:\/\/api.w.org\/{rel}","templated":true}]}}