{"id":67369,"date":"2019-11-13T10:27:20","date_gmt":"2019-11-13T15:27:20","guid":{"rendered":"https:\/\/linitiative.ca\/International\/97436-tour-des-aeroport-de-tunisie-2e-etape-hamza-yacine-enchaine-une-2e-victoire\/"},"modified":"2019-11-13T10:27:20","modified_gmt":"2019-11-13T15:27:20","slug":"97436-tour-des-aeroport-de-tunisie-2e-etape-hamza-yacine-enchaine-une-2e-victoire","status":"publish","type":"post","link":"https:\/\/linitiative.ca\/International\/97436-tour-des-aeroport-de-tunisie-2e-etape-hamza-yacine-enchaine-une-2e-victoire\/","title":{"rendered":"Tour des A\u00e9roport de Tunisie (2e \u00e9tape): Hamza Yacine encha\u00eene une 2e victoire"},"content":{"rendered":"<div readability=\"38\">\n<p><strong>TUNIS &#8211; L&rsquo;Alg\u00e9rien Hamza Yacine a remport\u00e9 la deuxi\u00e8me \u00e9tape du Tour des A\u00e9roport de Tunisie, disput\u00e9e mercredi, sur une distance de 145 kilom\u00e8tres, entre Monastir et Sfax, avec un chrono de 3h43:36.<\/strong><\/p>\n<\/div>\n<div readability=\"75.7262103506\">\n<p>Le podium a \u00e9t\u00e9 compl\u00e9t\u00e9 par un autre alg\u00e9rien, Abdallah Benyoucef (2e), et\u00a0 le Tunisien Ali Nouisri (3e).<\/p>\n<p>Soci\u00e9taire du Groupement Sportif des P\u00e9troliers, Hamza Yacine avait remport\u00e9 la premi\u00e8re \u00e9tape, disput\u00e9e mardi, sur une distance de 117 kilom\u00e8tres, entre Tunis et Monastir, avec un chrono de 3h00:11.<\/p>\n<p>Il avait devanc\u00e9 le Tunisien Khaled Kammoun, deuxi\u00e8me avec le m\u00eame temps, au moment o\u00f9 un autre alg\u00e9rien, Abdallah Benyoucef, avait compl\u00e9t\u00e9 le podium, \u00e9galement avec le m\u00eame temps.<\/p>\n<hr\/>\n<h3>Lire aussi:\u00a0<a href=\"http:\/\/www.aps.dz\/sport\/97332-cyclisme-tour-international-des-aeroports-six-algeriens-presents-a-tunis\" target=\"_blank\" rel=\"noopener noreferrer\">Cyclisme\/Tour international des a\u00e9roports : six Alg\u00e9riens pr\u00e9sents \u00e0 Tunis<\/a><\/h3>\n<hr\/>\n<p>L&rsquo;Alg\u00e9rie a engag\u00e9 plusieurs coureurs dans cette comp\u00e9tition, qui se d\u00e9roule en cinq \u00e9tapes, du 12 au 17 nombre, notamment : Seddik Benganif, Ayoub Sahiri, Hamza Amari, Youcef Fersadou, Zaki Boudar, Abdelghani Fellah et Azeddine Lagab.<\/p>\n<p>La troisi\u00e8me \u00e9tape est pr\u00e9vue jeudi, sur une distance de 100 kilom\u00e8tres, entre Gafsa et Tozeur.<\/p>\n<p>Organis\u00e9e par l&rsquo;Office tunisien de l&rsquo;Aviation Civile et des A\u00e9roports (OACA), cette comp\u00e9tition enregistre la participation de neuf pays, \u00e0 savoir la Tunisie, la France, l&rsquo;Alg\u00e9rie, la Libye, le Maroc, Malte, l&rsquo;Egypte, le Canada et l&rsquo;Arabie saoudite.<\/p>\n<\/div>\n<p>Auteur:<br \/>\n<a href=\"http:\/\/www.aps.dz\/sport\/97436-tour-des-aeroport-de-tunisie-2e-etape-hamza-yacine-enchaine-une-2e-victoire?utm_source=feedburner&#038;utm_medium=feed&#038;utm_campaign=Feed%3A+aps-sport+%28APS+-+SPORT%29\">Cliquez ici pour lire l&rsquo;article depuis sa source.<\/a><\/p>\n","protected":false},"excerpt":{"rendered":"<p>TUNIS &#8211; L&rsquo;Alg\u00e9rien Hamza Yacine a remport\u00e9 la deuxi\u00e8me \u00e9tape du Tour des A\u00e9roport de Tunisie, disput\u00e9e mercredi, sur une distance de 145 kilom\u00e8tres, entre Monastir et Sfax, avec un chrono de 3h43:36. Le podium a \u00e9t\u00e9 compl\u00e9t\u00e9 par un autre alg\u00e9rien, Abdallah Benyoucef (2e), et\u00a0 le Tunisien Ali Nouisri (3e). Soci\u00e9taire du Groupement Sportif [&hellip;]<\/p>\n","protected":false},"author":1790,"featured_media":0,"comment_status":"closed","ping_status":"closed","sticky":false,"template":"","format":"standard","meta":{"fifu_image_url":"","fifu_image_alt":"","footnotes":""},"categories":[53,75],"tags":[],"class_list":["post-67369","post","type-post","status-publish","format-standard","hentry","category-algerie","category-sport"],"_links":{"self":[{"href":"https:\/\/linitiative.ca\/International\/wp-json\/wp\/v2\/posts\/67369","targetHints":{"allow":["GET"]}}],"collection":[{"href":"https:\/\/linitiative.ca\/International\/wp-json\/wp\/v2\/posts"}],"about":[{"href":"https:\/\/linitiative.ca\/International\/wp-json\/wp\/v2\/types\/post"}],"author":[{"embeddable":true,"href":"https:\/\/linitiative.ca\/International\/wp-json\/wp\/v2\/users\/1790"}],"replies":[{"embeddable":true,"href":"https:\/\/linitiative.ca\/International\/wp-json\/wp\/v2\/comments?post=67369"}],"version-history":[{"count":0,"href":"https:\/\/linitiative.ca\/International\/wp-json\/wp\/v2\/posts\/67369\/revisions"}],"wp:attachment":[{"href":"https:\/\/linitiative.ca\/International\/wp-json\/wp\/v2\/media?parent=67369"}],"wp:term":[{"taxonomy":"category","embeddable":true,"href":"https:\/\/linitiative.ca\/International\/wp-json\/wp\/v2\/categories?post=67369"},{"taxonomy":"post_tag","embeddable":true,"href":"https:\/\/linitiative.ca\/International\/wp-json\/wp\/v2\/tags?post=67369"}],"curies":[{"name":"wp","href":"https:\/\/api.w.org\/{rel}","templated":true}]}}