{"id":67371,"date":"2019-11-13T12:22:08","date_gmt":"2019-11-13T17:22:08","guid":{"rendered":"https:\/\/linitiative.ca\/International\/97451-mondiaux-de-para-athletisme-poids-f32-deux-nouvelles-medailles-pour-l-algerie\/"},"modified":"2019-11-13T12:22:08","modified_gmt":"2019-11-13T17:22:08","slug":"97451-mondiaux-de-para-athletisme-poids-f32-deux-nouvelles-medailles-pour-l-algerie","status":"publish","type":"post","link":"https:\/\/linitiative.ca\/International\/97451-mondiaux-de-para-athletisme-poids-f32-deux-nouvelles-medailles-pour-l-algerie\/","title":{"rendered":"Mondiaux de Para-athl\u00e9tisme (Poids F32) : deux nouvelles m\u00e9dailles pour l&rsquo;Alg\u00e9rie"},"content":{"rendered":"<div readability=\"37\">\n<p><strong>DUBAI &#8211; Les Alg\u00e9riens Lahouari Bahlaz et Mohamed Hamchi ont, respectivement, d\u00e9croch\u00e9 l&rsquo;argent et le bronze de l&rsquo;\u00e9preuve du lancer de poids (F32) des Mondiaux-2019 de para-athl\u00e9tisme, \u00e0 l&rsquo;issue de la finale disput\u00e9e mercredi \u00e0 Duba\u00ef (Emirats arabes unis).<\/strong><\/p>\n<\/div>\n<div readability=\"69\">\n<p>Bahlaz, avec un jet \u00e0 9,96 m, a \u00e9t\u00e9 devanc\u00e9 par le Chinois Li Liu (12,05 m), alors que Hamchi s&rsquo;est adjug\u00e9 la m\u00e9daille de bronze avec un lancer \u00e0 9,72 m.<\/p>\n<p>Il s&rsquo;agit de la deuxi\u00e8me m\u00e9daille de la comp\u00e9tition pour Bahlaz apr\u00e8s l&rsquo;or au club F32.<\/p>\n<p>Avec ces deux nouvelles m\u00e9dailles, l&rsquo;Alg\u00e9rie compte d\u00e9sormais 13 breloques (2 or, 6 argent et 5 bronze).<\/p>\n<p>Les autres m\u00e9dailles alg\u00e9riennes ont \u00e9t\u00e9 remport\u00e9es par Nassima Sa\u00effi (or au disque F56\/57 et argent au poids F56\/57), Walid Ferhah (argent, club F32), Mounia Gasmi (argent au club F32 et bronze au poids F32), Lynda Hamri (argent, longueur T12), Sid Ali Bouzourine (argent, 800m T36), Abdellatif Baka (bronze, 1500m T13) et Safia Djelal (2 bronze, disque F56\/57 et poids F56\/57).\u00a0\u00a0<\/p>\n<p>Plus de 1.400 athl\u00e8tes issus de 120 pays, dont 22 Alg\u00e9riens, prennent part au rendez-vous de Duba\u00ef, qualificatif aux Jeux Paralympiques de Tokyo-2020.<\/p>\n<p>L&rsquo;objectif de la participation alg\u00e9rienne est de revenir avec 18 m\u00e9dailles dont deux en or.<\/p>\n<\/div>\n<p>Auteur:<br \/>\n<a href=\"http:\/\/feeds.aps.dz\/~r\/aps-sport\/~3\/3Gjrd3YvqFs\/97451-mondiaux-de-para-athletisme-poids-f32-deux-nouvelles-medailles-pour-l-algerie\">Cliquez ici pour lire l&rsquo;article depuis sa source.<\/a><\/p>\n","protected":false},"excerpt":{"rendered":"<p>DUBAI &#8211; Les Alg\u00e9riens Lahouari Bahlaz et Mohamed Hamchi ont, respectivement, d\u00e9croch\u00e9 l&rsquo;argent et le bronze de l&rsquo;\u00e9preuve du lancer de poids (F32) des Mondiaux-2019 de para-athl\u00e9tisme, \u00e0 l&rsquo;issue de la finale disput\u00e9e mercredi \u00e0 Duba\u00ef (Emirats arabes unis). Bahlaz, avec un jet \u00e0 9,96 m, a \u00e9t\u00e9 devanc\u00e9 par le Chinois Li Liu (12,05 [&hellip;]<\/p>\n","protected":false},"author":1790,"featured_media":0,"comment_status":"closed","ping_status":"closed","sticky":false,"template":"","format":"standard","meta":{"fifu_image_url":"","fifu_image_alt":"","footnotes":""},"categories":[53,75],"tags":[],"class_list":["post-67371","post","type-post","status-publish","format-standard","hentry","category-algerie","category-sport"],"_links":{"self":[{"href":"https:\/\/linitiative.ca\/International\/wp-json\/wp\/v2\/posts\/67371","targetHints":{"allow":["GET"]}}],"collection":[{"href":"https:\/\/linitiative.ca\/International\/wp-json\/wp\/v2\/posts"}],"about":[{"href":"https:\/\/linitiative.ca\/International\/wp-json\/wp\/v2\/types\/post"}],"author":[{"embeddable":true,"href":"https:\/\/linitiative.ca\/International\/wp-json\/wp\/v2\/users\/1790"}],"replies":[{"embeddable":true,"href":"https:\/\/linitiative.ca\/International\/wp-json\/wp\/v2\/comments?post=67371"}],"version-history":[{"count":0,"href":"https:\/\/linitiative.ca\/International\/wp-json\/wp\/v2\/posts\/67371\/revisions"}],"wp:attachment":[{"href":"https:\/\/linitiative.ca\/International\/wp-json\/wp\/v2\/media?parent=67371"}],"wp:term":[{"taxonomy":"category","embeddable":true,"href":"https:\/\/linitiative.ca\/International\/wp-json\/wp\/v2\/categories?post=67371"},{"taxonomy":"post_tag","embeddable":true,"href":"https:\/\/linitiative.ca\/International\/wp-json\/wp\/v2\/tags?post=67371"}],"curies":[{"name":"wp","href":"https:\/\/api.w.org\/{rel}","templated":true}]}}