{"id":67373,"date":"2019-11-13T12:58:10","date_gmt":"2019-11-13T17:58:10","guid":{"rendered":"https:\/\/linitiative.ca\/International\/97455-football-fermeture-du-stade-du-5-juillet-1962-pour-deux-mois\/"},"modified":"2019-11-13T12:58:10","modified_gmt":"2019-11-13T17:58:10","slug":"97455-football-fermeture-du-stade-du-5-juillet-1962-pour-deux-mois","status":"publish","type":"post","link":"https:\/\/linitiative.ca\/International\/97455-football-fermeture-du-stade-du-5-juillet-1962-pour-deux-mois\/","title":{"rendered":"Football: fermeture du stade du 5-juillet 1962 pour deux mois"},"content":{"rendered":"<div readability=\"35\">\n<p><strong>ALGER &#8211; Le stade du 5-juillet 1962 du Complexe Olympique Mohamed-Boudiaf (Alger) sera ferm\u00e9 \u00e0 partir de lundi prochain pour une dur\u00e9e de huit (8) semaines, a indiqu\u00e9 mercredi un communiqu\u00e9 du minist\u00e8re de la Jeunesse et des Sports (MJS).<\/strong><\/p>\n<\/div>\n<div readability=\"70.5\">\n<p>\u00ab\u00a0Dans le cadre de l&rsquo;am\u00e9lioration permanente des infrastructures sportives nationales, cette fermeture, d\u00e9cid\u00e9e en concertation avec la F\u00e9d\u00e9ration alg\u00e9rienne de football (FAF), permettra de r\u00e9aliser deux op\u00e9rations, \u00e0 savoir la mise en place des \u00e9quipements de contr\u00f4le d&rsquo;acc\u00e8s et de billetterie \u00e9lectronique et sectorisation de l&rsquo;enceinte sportive.\u00a0\u00bb, pr\u00e9cise la m\u00eame source.<\/p>\n<blockquote readability=\"6\">\n<p><em><strong>Cette op\u00e9ration entre dans le cadre des derni\u00e8res mesures adopt\u00e9es par le gouvernement pour pr\u00e9venir et lutter contre le ph\u00e9nom\u00e8ne de la violence dans les infrastructures sportives.<\/strong><\/em><\/p>\n<\/blockquote>\n<p>A noter que six autres stades sont concern\u00e9s par cette op\u00e9ration (Tchaker de Blida, Sidi Bel Abb\u00e8s, Constantine, Annaba, S\u00e9tif et Ahmed Zabana d&rsquo;Oran).<\/p>\n<p>Par ailleurs, l&rsquo;op\u00e9ration annuelle d&rsquo;entretien (scalpage et semis d\u2019un nouveau tapis v\u00e9g\u00e9tal), pr\u00e9vue initialement en ao\u00fbt 2019, a \u00e9t\u00e9 repouss\u00e9e en raison de la participation de quatre clubs \u00e0 des rencontres internationales. Cette op\u00e9ration verra le concours technique, \u00e0 titre gracieux, d\u2019une soci\u00e9t\u00e9 sp\u00e9cialis\u00e9e, des techniciens de la FAF et de Boukaaboub Amar, expert agronome, souligne le MJS.<\/p>\n<p>\u00ab\u00a0Durant cette p\u00e9riode, les rencontres initialement pr\u00e9vues au stade du 5-Juillet se verront d\u00e9localis\u00e9es vers les stades de Rou\u00efba et Mustapha Tchaker de Blida. Ce dernier se verra, par la suite, concern\u00e9 \u00e9galement par une op\u00e9ration de renouvellement du gazon.\u00a0\u00bb, conclut le communiqu\u00e9 du MJS.<\/p>\n<\/div>\n<p>Auteur:<br \/>\n<a href=\"http:\/\/feeds.aps.dz\/~r\/aps-sport\/~3\/H0veI2wv690\/97455-football-fermeture-du-stade-du-5-juillet-1962-pour-deux-mois\">Cliquez ici pour lire l&rsquo;article depuis sa source.<\/a><\/p>\n","protected":false},"excerpt":{"rendered":"<p>ALGER &#8211; Le stade du 5-juillet 1962 du Complexe Olympique Mohamed-Boudiaf (Alger) sera ferm\u00e9 \u00e0 partir de lundi prochain pour une dur\u00e9e de huit (8) semaines, a indiqu\u00e9 mercredi un communiqu\u00e9 du minist\u00e8re de la Jeunesse et des Sports (MJS). \u00ab\u00a0Dans le cadre de l&rsquo;am\u00e9lioration permanente des infrastructures sportives nationales, cette fermeture, d\u00e9cid\u00e9e en concertation [&hellip;]<\/p>\n","protected":false},"author":1790,"featured_media":0,"comment_status":"closed","ping_status":"closed","sticky":false,"template":"","format":"standard","meta":{"fifu_image_url":"","fifu_image_alt":"","footnotes":""},"categories":[53,75],"tags":[],"class_list":["post-67373","post","type-post","status-publish","format-standard","hentry","category-algerie","category-sport"],"_links":{"self":[{"href":"https:\/\/linitiative.ca\/International\/wp-json\/wp\/v2\/posts\/67373","targetHints":{"allow":["GET"]}}],"collection":[{"href":"https:\/\/linitiative.ca\/International\/wp-json\/wp\/v2\/posts"}],"about":[{"href":"https:\/\/linitiative.ca\/International\/wp-json\/wp\/v2\/types\/post"}],"author":[{"embeddable":true,"href":"https:\/\/linitiative.ca\/International\/wp-json\/wp\/v2\/users\/1790"}],"replies":[{"embeddable":true,"href":"https:\/\/linitiative.ca\/International\/wp-json\/wp\/v2\/comments?post=67373"}],"version-history":[{"count":0,"href":"https:\/\/linitiative.ca\/International\/wp-json\/wp\/v2\/posts\/67373\/revisions"}],"wp:attachment":[{"href":"https:\/\/linitiative.ca\/International\/wp-json\/wp\/v2\/media?parent=67373"}],"wp:term":[{"taxonomy":"category","embeddable":true,"href":"https:\/\/linitiative.ca\/International\/wp-json\/wp\/v2\/categories?post=67373"},{"taxonomy":"post_tag","embeddable":true,"href":"https:\/\/linitiative.ca\/International\/wp-json\/wp\/v2\/tags?post=67373"}],"curies":[{"name":"wp","href":"https:\/\/api.w.org\/{rel}","templated":true}]}}