{"id":67375,"date":"2019-11-13T10:47:00","date_gmt":"2019-11-13T15:47:00","guid":{"rendered":"https:\/\/linitiative.ca\/International\/les-moudjahidine-exhortent-zeghmati-de-liberer-bouregaa\/"},"modified":"2019-11-13T10:47:00","modified_gmt":"2019-11-13T15:47:00","slug":"les-moudjahidine-exhortent-zeghmati-de-liberer-bouregaa","status":"publish","type":"post","link":"https:\/\/linitiative.ca\/International\/les-moudjahidine-exhortent-zeghmati-de-liberer-bouregaa\/","title":{"rendered":"Les Moudjahidine exhortent  Zeghmati de lib\u00e9rer Bourega\u00e2"},"content":{"rendered":"<p><br id=\"sep_para_1\" class=\"sep_para access\"\/><\/p>\n<div id=\"para_1\" class=\"para_33965685 resize\">\n<div class=\"texte access firstletter\">L\u2019organisation nationale des Moudjahidine (ONM) a adress\u00e9\u00a0 mardi une lettre au ministre de la Justice, Garde\u00a0 des sceaux, Belkacem Zeghmati, dans laquelle elle l\u2019exhorte \u00e0 faire lib\u00e9rer le commandant, Lakhdar Bourega\u00e2 souffrant, pour lui permettre d\u2019\u00eatre pris en charge au sein de sa famille. L\u2019ONM a motiv\u00e9 sa demande au ministre par des consid\u00e9rations \u00abhumanitaires\u00bb li\u00e9es \u00e0 la d\u00e9gradation de son \u00e9tat de sant\u00e9 mais aussi historiques, du fait de son statut d\u2019officier de l\u2019ALN\u00a0 \u00abAu-del\u00e0 de ses positions conjoncturels sur les \u00e9v\u00e9nements actuels, et leurs cons\u00e9quences,\u00a0 cette \u00e9volution tragique nous incitent \u00e0 fonder nos espoirs sur une initiative de votre part\u00a0 qui prendrait en consid\u00e9ration les consid\u00e9rations qui concernent le moudjahid Lakhdar Bourega\u00e2\u00bb. Rappelons que ce dernier a \u00e9t\u00e9 emprisonn\u00e9 le 30 juin dernier par le juge enqu\u00eateur\u00a0 du tribunal de Bir Mourad Rais pour entre autres chefs d\u2019inculpation : \u00abatteinte au moral de l\u2019arm\u00e9e\u00bb. Souffrant,\u00a0 Lakhdar Bourega\u00e2 \u00e2g\u00e9 de 87 ans a subi en urgence\u00a0 par ailleurs il ya\u00a0 quelques jours une intervention chirurgicale \u00e0 l\u2019h\u00f4pital Mustapha Bacha.<\/div>\n<\/div>\n<p>Auteur: R\u00e9flexion<br \/>\n<a href=\"https:\/\/www.reflexiondz.net\/Les-Moudjahidine-exhortent-Zeghmati-de-liberer-Bouregaa_a58797.html\">Cliquez ici pour lire l&rsquo;article depuis sa source.<\/a><\/p>\n","protected":false},"excerpt":{"rendered":"<p>L\u2019organisation nationale des Moudjahidine (ONM) a adress\u00e9\u00a0 mardi une lettre au ministre de la Justice, Garde\u00a0 des sceaux, Belkacem Zeghmati, dans laquelle elle l\u2019exhorte \u00e0 faire lib\u00e9rer le commandant, Lakhdar Bourega\u00e2 souffrant, pour lui permettre d\u2019\u00eatre pris en charge au sein de sa famille. L\u2019ONM a motiv\u00e9 sa demande au ministre par des consid\u00e9rations \u00abhumanitaires\u00bb [&hellip;]<\/p>\n","protected":false},"author":1740,"featured_media":0,"comment_status":"closed","ping_status":"closed","sticky":false,"template":"","format":"standard","meta":{"fifu_image_url":"","fifu_image_alt":"","footnotes":""},"categories":[53,76],"tags":[],"class_list":["post-67375","post","type-post","status-publish","format-standard","hentry","category-algerie","category-regions"],"_links":{"self":[{"href":"https:\/\/linitiative.ca\/International\/wp-json\/wp\/v2\/posts\/67375","targetHints":{"allow":["GET"]}}],"collection":[{"href":"https:\/\/linitiative.ca\/International\/wp-json\/wp\/v2\/posts"}],"about":[{"href":"https:\/\/linitiative.ca\/International\/wp-json\/wp\/v2\/types\/post"}],"author":[{"embeddable":true,"href":"https:\/\/linitiative.ca\/International\/wp-json\/wp\/v2\/users\/1740"}],"replies":[{"embeddable":true,"href":"https:\/\/linitiative.ca\/International\/wp-json\/wp\/v2\/comments?post=67375"}],"version-history":[{"count":0,"href":"https:\/\/linitiative.ca\/International\/wp-json\/wp\/v2\/posts\/67375\/revisions"}],"wp:attachment":[{"href":"https:\/\/linitiative.ca\/International\/wp-json\/wp\/v2\/media?parent=67375"}],"wp:term":[{"taxonomy":"category","embeddable":true,"href":"https:\/\/linitiative.ca\/International\/wp-json\/wp\/v2\/categories?post=67375"},{"taxonomy":"post_tag","embeddable":true,"href":"https:\/\/linitiative.ca\/International\/wp-json\/wp\/v2\/tags?post=67375"}],"curies":[{"name":"wp","href":"https:\/\/api.w.org\/{rel}","templated":true}]}}