{"id":67376,"date":"2019-11-13T10:47:00","date_gmt":"2019-11-13T15:47:00","guid":{"rendered":"https:\/\/linitiative.ca\/International\/sidi-bel-abbes-les-accidents-de-la-route-en-baisse\/"},"modified":"2019-11-13T10:47:00","modified_gmt":"2019-11-13T15:47:00","slug":"sidi-bel-abbes-les-accidents-de-la-route-en-baisse","status":"publish","type":"post","link":"https:\/\/linitiative.ca\/International\/sidi-bel-abbes-les-accidents-de-la-route-en-baisse\/","title":{"rendered":"SIDI BEL ABBES : Les accidents de la route en baisse"},"content":{"rendered":"<p><br id=\"sep_para_1\" class=\"sep_para access\"\/><\/p>\n<div id=\"para_1\" class=\"para_33965541 resize\">\n<div class=\"texte access firstletter\">Les services de la s\u00e9curit\u00e9 publique relevant de la S\u00fbret\u00e9 de la wilaya de Sidi Bel Abb\u00e8s, ayant \u00e9tabli un bilan exhaustif du mois d&rsquo;octobre dernier, ont enregistr\u00e9 33 accidents de la circulation lesquels ont fait 2 morts et 41 bless\u00e9s l\u00e9gers, un bilan apparemment revu \u00e0 la baisse par rapport au mois pr\u00e9c\u00e9dent, apprend-on d&rsquo;un communiqu\u00e9 de la cellule d&rsquo;information et des relations publiques. Le facteur humain, selon le m\u00eame communiqu\u00e9, en serait\u00a0 la cause principale justifi\u00e9e par le non respect du code de la route et \u00e0 un degr\u00e9 moindre, par l&rsquo;\u00e9tat et la d\u00e9fectuosit\u00e9 des v\u00e9hicules.\u00a0 Durant le m\u00eame mois ,25 v\u00e9hicules ont \u00e9t\u00e9 mis en fourri\u00e8re pour diverses contraventions commises par les conducteurs.\u00a0 Les services de police ont recens\u00e9 18 infractions inh\u00e9rentes au secteur de l\u2019urbanisme\u00a0 et de la protection de l&rsquo;environnement et 31 autres li\u00e9es \u00e0 la sant\u00e9 publique, pour lesquelles toutes les mesures n\u00e9cessaires ont \u00e9t\u00e9 entreprises conform\u00e9ment \u00e0 la r\u00e9glementation en vigueur. Dans le cadre de la lutte men\u00e9e contre le commerce illicite, les forces de police ont proc\u00e9d\u00e9 \u00e0 la saisie\u00a0 de plus de 15 quintaux de l\u00e9gumes et 4 quintaux de fruits impropres \u00e0 la consommation ainsi que 62 kg de fruits secs, conclut le communiqu\u00e9.\u00a0\u00a0\u00a0\u00a0\u00a0\u00a0\u00a0<\/div>\n<\/div>\n<p>Auteur: N.Moussa<br \/>\n<a href=\"https:\/\/www.reflexiondz.net\/SIDI-BEL-ABBES-Les-accidents-de-la-route-en-baisse_a58779.html\">Cliquez ici pour lire l&rsquo;article depuis sa source.<\/a><\/p>\n","protected":false},"excerpt":{"rendered":"<p>Les services de la s\u00e9curit\u00e9 publique relevant de la S\u00fbret\u00e9 de la wilaya de Sidi Bel Abb\u00e8s, ayant \u00e9tabli un bilan exhaustif du mois d&rsquo;octobre dernier, ont enregistr\u00e9 33 accidents de la circulation lesquels ont fait 2 morts et 41 bless\u00e9s l\u00e9gers, un bilan apparemment revu \u00e0 la baisse par rapport au mois pr\u00e9c\u00e9dent, apprend-on [&hellip;]<\/p>\n","protected":false},"author":1740,"featured_media":0,"comment_status":"closed","ping_status":"closed","sticky":false,"template":"","format":"standard","meta":{"fifu_image_url":"","fifu_image_alt":"","footnotes":""},"categories":[53,76],"tags":[],"class_list":["post-67376","post","type-post","status-publish","format-standard","hentry","category-algerie","category-regions"],"_links":{"self":[{"href":"https:\/\/linitiative.ca\/International\/wp-json\/wp\/v2\/posts\/67376","targetHints":{"allow":["GET"]}}],"collection":[{"href":"https:\/\/linitiative.ca\/International\/wp-json\/wp\/v2\/posts"}],"about":[{"href":"https:\/\/linitiative.ca\/International\/wp-json\/wp\/v2\/types\/post"}],"author":[{"embeddable":true,"href":"https:\/\/linitiative.ca\/International\/wp-json\/wp\/v2\/users\/1740"}],"replies":[{"embeddable":true,"href":"https:\/\/linitiative.ca\/International\/wp-json\/wp\/v2\/comments?post=67376"}],"version-history":[{"count":0,"href":"https:\/\/linitiative.ca\/International\/wp-json\/wp\/v2\/posts\/67376\/revisions"}],"wp:attachment":[{"href":"https:\/\/linitiative.ca\/International\/wp-json\/wp\/v2\/media?parent=67376"}],"wp:term":[{"taxonomy":"category","embeddable":true,"href":"https:\/\/linitiative.ca\/International\/wp-json\/wp\/v2\/categories?post=67376"},{"taxonomy":"post_tag","embeddable":true,"href":"https:\/\/linitiative.ca\/International\/wp-json\/wp\/v2\/tags?post=67376"}],"curies":[{"name":"wp","href":"https:\/\/api.w.org\/{rel}","templated":true}]}}