{"id":67378,"date":"2019-11-13T10:56:00","date_gmt":"2019-11-13T15:56:00","guid":{"rendered":"https:\/\/linitiative.ca\/International\/education-vers-une-greve-de-3-jours-renouvelable-dans-les-primaires\/"},"modified":"2019-11-13T10:56:00","modified_gmt":"2019-11-13T15:56:00","slug":"education-vers-une-greve-de-3-jours-renouvelable-dans-les-primaires","status":"publish","type":"post","link":"https:\/\/linitiative.ca\/International\/education-vers-une-greve-de-3-jours-renouvelable-dans-les-primaires\/","title":{"rendered":"EDUCATION  : Vers une gr\u00e8ve de 3 jours renouvelable dans les primaires"},"content":{"rendered":"<p><br id=\"sep_para_1\" class=\"sep_para access\"\/><\/p>\n<div id=\"para_1\" class=\"para_33965668 resize\">\n<div class=\"texte access firstletter\">Apr\u00e8s l\u2019\u00e9chec des n\u00e9gociations, lundi, avec les repr\u00e9sentants du minist\u00e8re de l\u2019\u00c9ducation nationale concernant sa plateforme de revendications, la coordination des enseignants du primaire se dirige vers le durcissement de ses actions de contestation. En effet, \u00e0 l\u2019issue de cette r\u00e9union, ladite coordination a annonc\u00e9 la poursuite de sa gr\u00e8ve \u00e0 partir du 18 novembre prochain, sous forme de trois jours renouvelables. Elle menace \u00e9galement de boycotter les examens du premier trimestre. Dans un communiqu\u00e9 rendu public, les contestataires ont d\u2019abord exig\u00e9 la pr\u00e9sence du premier responsable du secteur lui-m\u00eame \u00e0 ces r\u00e9unions de n\u00e9gociation, car ceux-ci se sont retir\u00e9s de celle de lundi juste apr\u00e8s avoir constat\u00e9 l\u2019absence du ministre. La m\u00eame source a d\u00e9cid\u00e9, \u00e9galement, de maintenir son mot d\u2019ordre de gr\u00e8ve cyclique et de passer \u00e0 trois jours de d\u00e9brayage renouvelables \u00e0 compter de la semaine prochaine, si aucun accord n\u2019est conclu avec la tutelle. Mais pas que cela, la coordination des enseignants du cycle primaire menace m\u00eame de boycotter les examens du premier trimestre pr\u00e9vus en d\u00e9cembre prochain.<\/div>\n<\/div>\n<p>Auteur: Nadine<br \/>\n<a href=\"https:\/\/www.reflexiondz.net\/EDUCATION-Vers-une-greve-de-3-jours-renouvelable-dans-les-primaires_a58794.html\">Cliquez ici pour lire l&rsquo;article depuis sa source.<\/a><\/p>\n","protected":false},"excerpt":{"rendered":"<p>Apr\u00e8s l\u2019\u00e9chec des n\u00e9gociations, lundi, avec les repr\u00e9sentants du minist\u00e8re de l\u2019\u00c9ducation nationale concernant sa plateforme de revendications, la coordination des enseignants du primaire se dirige vers le durcissement de ses actions de contestation. En effet, \u00e0 l\u2019issue de cette r\u00e9union, ladite coordination a annonc\u00e9 la poursuite de sa gr\u00e8ve \u00e0 partir du 18 novembre [&hellip;]<\/p>\n","protected":false},"author":1740,"featured_media":0,"comment_status":"closed","ping_status":"closed","sticky":false,"template":"","format":"standard","meta":{"fifu_image_url":"","fifu_image_alt":"","footnotes":""},"categories":[53,76],"tags":[],"class_list":["post-67378","post","type-post","status-publish","format-standard","hentry","category-algerie","category-regions"],"_links":{"self":[{"href":"https:\/\/linitiative.ca\/International\/wp-json\/wp\/v2\/posts\/67378","targetHints":{"allow":["GET"]}}],"collection":[{"href":"https:\/\/linitiative.ca\/International\/wp-json\/wp\/v2\/posts"}],"about":[{"href":"https:\/\/linitiative.ca\/International\/wp-json\/wp\/v2\/types\/post"}],"author":[{"embeddable":true,"href":"https:\/\/linitiative.ca\/International\/wp-json\/wp\/v2\/users\/1740"}],"replies":[{"embeddable":true,"href":"https:\/\/linitiative.ca\/International\/wp-json\/wp\/v2\/comments?post=67378"}],"version-history":[{"count":0,"href":"https:\/\/linitiative.ca\/International\/wp-json\/wp\/v2\/posts\/67378\/revisions"}],"wp:attachment":[{"href":"https:\/\/linitiative.ca\/International\/wp-json\/wp\/v2\/media?parent=67378"}],"wp:term":[{"taxonomy":"category","embeddable":true,"href":"https:\/\/linitiative.ca\/International\/wp-json\/wp\/v2\/categories?post=67378"},{"taxonomy":"post_tag","embeddable":true,"href":"https:\/\/linitiative.ca\/International\/wp-json\/wp\/v2\/tags?post=67378"}],"curies":[{"name":"wp","href":"https:\/\/api.w.org\/{rel}","templated":true}]}}