{"id":67384,"date":"2019-11-13T06:15:00","date_gmt":"2019-11-13T11:15:00","guid":{"rendered":"https:\/\/linitiative.ca\/International\/a-la-1e-seance-pleniere-de-la-nouvelle-legislature-abdelfattah-mourou-exhorte-les-deputes-a-accorder-la-priorite-a-ladoption-du-budget-et-de-la-loi-de-finances-album-photos\/"},"modified":"2019-11-13T06:15:00","modified_gmt":"2019-11-13T11:15:00","slug":"a-la-1e-seance-pleniere-de-la-nouvelle-legislature-abdelfattah-mourou-exhorte-les-deputes-a-accorder-la-priorite-a-ladoption-du-budget-et-de-la-loi-de-finances-album-photos","status":"publish","type":"post","link":"https:\/\/linitiative.ca\/International\/a-la-1e-seance-pleniere-de-la-nouvelle-legislature-abdelfattah-mourou-exhorte-les-deputes-a-accorder-la-priorite-a-ladoption-du-budget-et-de-la-loi-de-finances-album-photos\/","title":{"rendered":"A la 1e s\u00e9ance pl\u00e9ni\u00e8re de la nouvelle l\u00e9gislature, Abdelfattah Mourou exhorte les d\u00e9put\u00e9s \u00e0 accorder la  priorit\u00e9 \u00e0 l&rsquo;adoption du budget et de la loi de Finances (Album Photos)"},"content":{"rendered":"<p>L\u2019Assembl\u00e9e des Repr\u00e9sentants du Peuple a tenu ce mercredi sa premi\u00e8re s\u00e9ance pl\u00e9ni\u00e8re de la nouvelle l\u00e9gislature sous la pr\u00e9sidence de \u2018Abdelfattah Mourou, le pr\u00e9sident sortant de l\u2019ARP. Celui-ci a exhort\u00e9 les d\u00e9put\u00e9s \u00e0 accorder la priorit\u00e9 absolue \u00e0 l\u2019examen du projet du budget et de la loi de Finances. Avant la pause, Abdelfettah Mourou a, comme le veut la tradition, c\u00e9d\u00e9 la pr\u00e9sidence de la s\u00e9ance au d\u00e9put\u00e9 Rached Ghannouchi en tant que doyen d\u2019\u00e2ge. Il sera assist\u00e9 des deux benjamins de la chambre.<\/p>\n<p>Auteur:<br \/>\n<a href=\"https:\/\/www.leaders.com.tn\/article\/28404-a-la-1e-seance-pleniere-de-la-nouvelle-legislature-abdelfattah-mourou-exhorte-les-deputes-a-accorder-la-priorite-a-l-adoption-du-budget-et-de-la-loi-de-finances\">Cliquez ici pour lire l&rsquo;article depuis sa source.<\/a><\/p>\n","protected":false},"excerpt":{"rendered":"<p>L\u2019Assembl\u00e9e des Repr\u00e9sentants du Peuple a tenu ce mercredi sa premi\u00e8re s\u00e9ance pl\u00e9ni\u00e8re de la nouvelle l\u00e9gislature sous la pr\u00e9sidence de \u2018Abdelfattah Mourou, le pr\u00e9sident sortant de l\u2019ARP. Celui-ci a exhort\u00e9 les d\u00e9put\u00e9s \u00e0 accorder la priorit\u00e9 absolue \u00e0 l\u2019examen du projet du budget et de la loi de Finances. Avant la pause, Abdelfettah Mourou [&hellip;]<\/p>\n","protected":false},"author":1772,"featured_media":0,"comment_status":"closed","ping_status":"closed","sticky":false,"template":"","format":"standard","meta":{"fifu_image_url":"","fifu_image_alt":"","footnotes":""},"categories":[73,55],"tags":[],"class_list":["post-67384","post","type-post","status-publish","format-standard","hentry","category-actualite","category-tunisie"],"_links":{"self":[{"href":"https:\/\/linitiative.ca\/International\/wp-json\/wp\/v2\/posts\/67384","targetHints":{"allow":["GET"]}}],"collection":[{"href":"https:\/\/linitiative.ca\/International\/wp-json\/wp\/v2\/posts"}],"about":[{"href":"https:\/\/linitiative.ca\/International\/wp-json\/wp\/v2\/types\/post"}],"author":[{"embeddable":true,"href":"https:\/\/linitiative.ca\/International\/wp-json\/wp\/v2\/users\/1772"}],"replies":[{"embeddable":true,"href":"https:\/\/linitiative.ca\/International\/wp-json\/wp\/v2\/comments?post=67384"}],"version-history":[{"count":0,"href":"https:\/\/linitiative.ca\/International\/wp-json\/wp\/v2\/posts\/67384\/revisions"}],"wp:attachment":[{"href":"https:\/\/linitiative.ca\/International\/wp-json\/wp\/v2\/media?parent=67384"}],"wp:term":[{"taxonomy":"category","embeddable":true,"href":"https:\/\/linitiative.ca\/International\/wp-json\/wp\/v2\/categories?post=67384"},{"taxonomy":"post_tag","embeddable":true,"href":"https:\/\/linitiative.ca\/International\/wp-json\/wp\/v2\/tags?post=67384"}],"curies":[{"name":"wp","href":"https:\/\/api.w.org\/{rel}","templated":true}]}}