{"id":67390,"date":"2019-11-13T05:00:00","date_gmt":"2019-11-13T10:00:00","guid":{"rendered":"https:\/\/linitiative.ca\/International\/des-mesures-gouvernementales-urgentes\/"},"modified":"2019-11-13T05:00:00","modified_gmt":"2019-11-13T10:00:00","slug":"des-mesures-gouvernementales-urgentes","status":"publish","type":"post","link":"https:\/\/linitiative.ca\/International\/des-mesures-gouvernementales-urgentes\/","title":{"rendered":"Des mesures gouvernementales urgentes"},"content":{"rendered":"<p>Dans sa d\u00e9marche de r\u00e9habilitation du secteur et lui impulser une dynamique nouvelle pour le traitement des diff\u00e9rents volets, le ministre du Travail, de l\u2019Emploi et de la S\u00e9curit\u00e9 sociale a ouvert, hier mardi, au si\u00e8ge du minist\u00e8re, le dossier inh\u00e9rent \u00e0 l\u2019insertion des jeunes du sud du pays dans le monde du travail, en pr\u00e9sence des cadres centraux, des repr\u00e9sentants des minist\u00e8res concern\u00e9s, notamment\u00a0 de l\u2019Int\u00e9rieur, ainsi que des repr\u00e9sentants des grandes soci\u00e9t\u00e9s nationales.<br \/>Abdelhalim Benyell\u00e8s &#8211; Alger (Le Soir) &#8211; La rencontre a donn\u00e9 lieu \u00e0 l\u2019annonce de la mise sur pied d\u2019une commission nationale charg\u00e9e d\u2019inspecter et de circonscrire toutes les contraintes qui entravent l\u2019int\u00e9gration des jeunes du Sud alg\u00e9rien dans le monde du travail.\u00a0<br \/>Il s\u2019agit d\u2019une mission qui devait \u00eatre accomplie au bout de 10 jours et les conclusions remises au minist\u00e8re, a d\u00e9clar\u00e9 le professeur Tidjani Haddam. C\u2019est une priorit\u00e9 accord\u00e9e par le gouvernement \u00e0 cette tranche de la soci\u00e9t\u00e9 qui a longtemps souffert de la marginalisation pour l\u2019acc\u00e8s au monde du travail. \u00abRedonner l\u2019espoir aux jeunes du Sud demandeurs d\u2019emploi est une urgence gouvernementale\u00bb, a soulign\u00e9 le ministre.<br \/>Mais avant, il a annonc\u00e9 une batterie de nouvelles mesures entreprises \u00e0 l\u2019effet d\u2019offrir de l\u2019emploi \u00e0 la main-d\u2019\u0153uvre du Sud, ainsi que le renforcement du secteur de la formation professionnelle dans le but de \u00abpermettre de r\u00e9gler\u00a0 l\u2019\u00e9quation des profils des demandeurs d\u2019emploi avec les offres\u00bb.\u00a0<br \/>Les contraintes ont d\u2019abord \u00e9t\u00e9 d\u00e9voil\u00e9es, telles que l\u2019int\u00e9gration des entreprises issues des dispositifs d\u2019emploi de jeunes, Ansej et Cnac, dans l\u2019obtention des projets dans la r\u00e9gion, l\u2019incapacit\u00e9 des autorit\u00e9s locales \u00e0 r\u00e9pondre aux pr\u00e9occupations des demandeurs d\u2019emploi, ainsi que le probl\u00e8me de l\u2019acc\u00e8s au travail dans les soci\u00e9t\u00e9s p\u00e9troli\u00e8res nationales et \u00e9trang\u00e8res, en raison des contraintes de langue et de l\u2019inexp\u00e9rience.<br \/>Pour cela, il a \u00e9t\u00e9 d\u00e9cid\u00e9 d\u2019int\u00e9grer une clause dans les contrats de march\u00e9 octroy\u00e9s aux soci\u00e9t\u00e9s, \u00e0 l\u2019effet d\u2019accorder une priorit\u00e9 d\u2019embauche au profit des comp\u00e9tences locales, et pour favoriser l\u2019entrepreneuriat dans la r\u00e9gion. Une priorit\u00e9 sera accord\u00e9e aux jeunes entreprises issues de l\u2019Ansej et de la Cnac pour l\u2019acquisition des contrats de sous-traitance. Et dans le domaine de l\u2019am\u00e9lioration de la vision de l\u2019offre d\u2019emploi, il a \u00e9t\u00e9 d\u00e9cid\u00e9 d\u2019\u00e9tablir un syst\u00e8me de raccordement informatis\u00e9 entre les entreprises exer\u00e7ant dans le Sud avec le minist\u00e8re de l\u2019Enseignement sup\u00e9rieur, dans le but d\u2019orienter l\u2019offre en direction des jeunes comp\u00e9tences du Sud et faciliter ainsi leur int\u00e9gration dans le march\u00e9 de l\u2019emploi.<br \/>Une autre mesure concernant la formation professionnelle a \u00e9t\u00e9 annonc\u00e9e par le ministre. Celle-ci concerne le rapprochement des centres de formation des populations. A ce sujet, il a \u00e9t\u00e9 annonc\u00e9 le lancement de deux exp\u00e9riences qui ont concern\u00e9 Illizi puis Ouargla, en attendant d\u2019\u00e9tendre la proc\u00e9dure dans\u00a0 d\u2019autres wilayas du Sud. Enfin, dans un autre contexte, Tidjani Haddam a annonc\u00e9 qu\u2019un contrat a \u00e9t\u00e9 sign\u00e9 entre son d\u00e9partement et le minist\u00e8re de l\u2019Enseignement sup\u00e9rieur, dans le but de former des profils qui r\u00e9pondent \u00e0 l\u2019offre d\u2019emploi, facilitant ainsi l\u2019acc\u00e8s \u00e0 l\u2019emploi des jeunes du Sud, notamment dans les soci\u00e9t\u00e9s p\u00e9troli\u00e8res nationales et \u00e9trang\u00e8res.<br \/>A. B.<\/p>\n<p>Auteur:<br \/>\n<a href=\"https:\/\/www.lesoirdalgerie.com\/actualites\/des-mesures-gouvernementales-urgentes-33540\">Cliquez ici pour lire l&rsquo;article depuis sa source.<\/a><\/p>\n","protected":false},"excerpt":{"rendered":"<p>Dans sa d\u00e9marche de r\u00e9habilitation du secteur et lui impulser une dynamique nouvelle pour le traitement des diff\u00e9rents volets, le ministre du Travail, de l\u2019Emploi et de la S\u00e9curit\u00e9 sociale a ouvert, hier mardi, au si\u00e8ge du minist\u00e8re, le dossier inh\u00e9rent \u00e0 l\u2019insertion des jeunes du sud du pays dans le monde du travail, en [&hellip;]<\/p>\n","protected":false},"author":1741,"featured_media":0,"comment_status":"closed","ping_status":"closed","sticky":false,"template":"","format":"standard","meta":{"fifu_image_url":"","fifu_image_alt":"","footnotes":""},"categories":[73,53],"tags":[],"class_list":["post-67390","post","type-post","status-publish","format-standard","hentry","category-actualite","category-algerie"],"_links":{"self":[{"href":"https:\/\/linitiative.ca\/International\/wp-json\/wp\/v2\/posts\/67390","targetHints":{"allow":["GET"]}}],"collection":[{"href":"https:\/\/linitiative.ca\/International\/wp-json\/wp\/v2\/posts"}],"about":[{"href":"https:\/\/linitiative.ca\/International\/wp-json\/wp\/v2\/types\/post"}],"author":[{"embeddable":true,"href":"https:\/\/linitiative.ca\/International\/wp-json\/wp\/v2\/users\/1741"}],"replies":[{"embeddable":true,"href":"https:\/\/linitiative.ca\/International\/wp-json\/wp\/v2\/comments?post=67390"}],"version-history":[{"count":0,"href":"https:\/\/linitiative.ca\/International\/wp-json\/wp\/v2\/posts\/67390\/revisions"}],"wp:attachment":[{"href":"https:\/\/linitiative.ca\/International\/wp-json\/wp\/v2\/media?parent=67390"}],"wp:term":[{"taxonomy":"category","embeddable":true,"href":"https:\/\/linitiative.ca\/International\/wp-json\/wp\/v2\/categories?post=67390"},{"taxonomy":"post_tag","embeddable":true,"href":"https:\/\/linitiative.ca\/International\/wp-json\/wp\/v2\/tags?post=67390"}],"curies":[{"name":"wp","href":"https:\/\/api.w.org\/{rel}","templated":true}]}}