{"id":67391,"date":"2019-11-13T05:00:00","date_gmt":"2019-11-13T10:00:00","guid":{"rendered":"https:\/\/linitiative.ca\/International\/diabete-la-guerre-des-chiffres\/"},"modified":"2019-11-13T05:00:00","modified_gmt":"2019-11-13T10:00:00","slug":"diabete-la-guerre-des-chiffres","status":"publish","type":"post","link":"https:\/\/linitiative.ca\/International\/diabete-la-guerre-des-chiffres\/","title":{"rendered":"Diab\u00e8te : la guerre des chiffres"},"content":{"rendered":"<p>Le minist\u00e8re de la Sant\u00e9, qui se base sur une \u00e9tude r\u00e9alis\u00e9e en 2017, estime la pr\u00e9valence du diab\u00e8te en Alg\u00e9rie \u00e0 14,4%. De son c\u00f4t\u00e9, l\u2019Association des diab\u00e9tiques de la wilaya d\u2019Alger estime qu\u2019il existe cinq millions de personnes diab\u00e9tiques, soit une moyenne de 30 000 nouveaux cas par an. D\u2019ici 2025, pr\u00e9voit cette association, le nombre de personnes atteintes du diab\u00e8te atteindra les dix millions.<br \/>Salima Akkouche &#8211; Alger (Le Soir) &#8211; L\u2019Alg\u00e9rie va c\u00e9l\u00e9brer demain la Journ\u00e9e internationale du diab\u00e8te. Une occasion pour revenir sur la situation de la maladie dans notre pays. Invit\u00e9, hier, par le forum du quotidien El Moudjahid, Faycel Ouhadda, pr\u00e9sident de l\u2019Association des diab\u00e9tiques de la wilaya d\u2019Alger, a tir\u00e9 la sonnette d\u2019alarme.\u00a0<br \/>En raison de notre mode de vie et de consommation, dit-il, le diab\u00e8te est en train de gagner du terrain. Faycel Ouhadda estime ainsi le nombre de personnes atteintes de diab\u00e8te \u00e0 cinq millions. D\u2019ici 2025, pr\u00e9voit-il, le nombre de malades va doubler pour atteindre les dix millions.\u00a0<br \/>De l\u2019autre c\u00f4t\u00e9, il pointe du doigt les structures hospitali\u00e8res qui n\u2019arrivent plus \u00e0 faire face au nombre de malades. C\u2019est notamment le cas des personnes ayant fait une complication et souffrant du pied diab\u00e9tique. Ces malades, dit le conf\u00e9rencier, n\u00e9cessitent une hospitalisation de six mois, voire une ann\u00e9e.\u00a0<br \/>Le probl\u00e8me, explique<br \/>M. Ouhadda, les h\u00f4pitaux refusent l\u2019admission de ces patients pour ne pas mobiliser un lit d\u2019h\u00f4pital pour une p\u00e9riode aussi longue.\u00a0\u00a0<br \/>Les structures de sant\u00e9, selon l\u2019intervenant, ne seraient pas la seule faille en mati\u00e8re de\u00a0 prise en charge des patients. M. Ouhadda n\u2019a pas h\u00e9sit\u00e9 \u00e0 tirer \u00e0 boulets rouges sur la Caisse de S\u00e9curit\u00e9 sociale, qui, dit-il, \u00abne joue pas son r\u00f4le et a abandonn\u00e9 les malades\u00bb.\u00a0<br \/>Les associations, d\u00e9nonce-t-il, n\u2019ont cess\u00e9 de demander le remboursement des pompes \u00e0 insuline pour enfants depuis 2011. A ce jour, ce produit, qui n\u2019est pas \u00e0 la port\u00e9e des bourses moyennes, ne figure pas parmi les m\u00e9dicaments remboursables.\u00a0<br \/>Ces enfants ont peut-\u00eatre un espoir, puisque, selon le docteur Neddir, de la Direction de la pr\u00e9vention du minist\u00e8re de la Sant\u00e9, des experts sont en train de travailler sur des recommandations de prise en charge du diab\u00e8te qui seront pr\u00e9sent\u00e9es \u00e0 la Cnas et o\u00f9 figure la pompe \u00e0 insuline. Reste \u00e0 savoir si la Cnas acceptera de prendre en charge un produit aussi cher.\u00a0<br \/>Le docteur Neddir, qui estime \u00e0 196 000 le nombre d\u2019enfants atteints du diab\u00e8te, souligne que ce n\u2019est pas tous les malades qui n\u00e9cessitent une pompe \u00e0 insuline. Pourtant, selon l\u2019association des diab\u00e9tiques, ils seraient un million d\u2019enfants \u00e0 souffrir du diab\u00e8te.\u00a0<br \/>En mati\u00e8re de chiffres, l\u2019association et le minist\u00e8re de la Sant\u00e9 n\u2019arrivent pas \u00e0 se mettre d\u2019accord. Puisque le docteur Neddir, qui s\u2019est appuy\u00e9 sur une enqu\u00eate r\u00e9alis\u00e9e en 2017, a indiqu\u00e9 que la pr\u00e9valence du diab\u00e8te en Alg\u00e9rie est de 14,4%.\u00a0<br \/>La m\u00eame enqu\u00eate a r\u00e9v\u00e9l\u00e9 que 66% des femmes sont en surpoids ou ob\u00e8ses, l\u2019un des facteurs de risque majeurs pour d\u00e9velopper un diab\u00e8te.\u00a0\u00a0<br \/>S. A.<\/p>\n<p>Auteur:<br \/>\n<a href=\"https:\/\/www.lesoirdalgerie.com\/actualites\/diabete-la-guerre-des-chiffres-33539\">Cliquez ici pour lire l&rsquo;article depuis sa source.<\/a><\/p>\n","protected":false},"excerpt":{"rendered":"<p>Le minist\u00e8re de la Sant\u00e9, qui se base sur une \u00e9tude r\u00e9alis\u00e9e en 2017, estime la pr\u00e9valence du diab\u00e8te en Alg\u00e9rie \u00e0 14,4%. De son c\u00f4t\u00e9, l\u2019Association des diab\u00e9tiques de la wilaya d\u2019Alger estime qu\u2019il existe cinq millions de personnes diab\u00e9tiques, soit une moyenne de 30 000 nouveaux cas par an. D\u2019ici 2025, pr\u00e9voit cette [&hellip;]<\/p>\n","protected":false},"author":1741,"featured_media":0,"comment_status":"closed","ping_status":"closed","sticky":false,"template":"","format":"standard","meta":{"fifu_image_url":"","fifu_image_alt":"","footnotes":""},"categories":[73,53],"tags":[],"class_list":["post-67391","post","type-post","status-publish","format-standard","hentry","category-actualite","category-algerie"],"_links":{"self":[{"href":"https:\/\/linitiative.ca\/International\/wp-json\/wp\/v2\/posts\/67391","targetHints":{"allow":["GET"]}}],"collection":[{"href":"https:\/\/linitiative.ca\/International\/wp-json\/wp\/v2\/posts"}],"about":[{"href":"https:\/\/linitiative.ca\/International\/wp-json\/wp\/v2\/types\/post"}],"author":[{"embeddable":true,"href":"https:\/\/linitiative.ca\/International\/wp-json\/wp\/v2\/users\/1741"}],"replies":[{"embeddable":true,"href":"https:\/\/linitiative.ca\/International\/wp-json\/wp\/v2\/comments?post=67391"}],"version-history":[{"count":0,"href":"https:\/\/linitiative.ca\/International\/wp-json\/wp\/v2\/posts\/67391\/revisions"}],"wp:attachment":[{"href":"https:\/\/linitiative.ca\/International\/wp-json\/wp\/v2\/media?parent=67391"}],"wp:term":[{"taxonomy":"category","embeddable":true,"href":"https:\/\/linitiative.ca\/International\/wp-json\/wp\/v2\/categories?post=67391"},{"taxonomy":"post_tag","embeddable":true,"href":"https:\/\/linitiative.ca\/International\/wp-json\/wp\/v2\/tags?post=67391"}],"curies":[{"name":"wp","href":"https:\/\/api.w.org\/{rel}","templated":true}]}}