{"id":67392,"date":"2019-11-13T05:00:00","date_gmt":"2019-11-13T10:00:00","guid":{"rendered":"https:\/\/linitiative.ca\/International\/le-mandat-transitionnel-de-benflis\/"},"modified":"2019-11-13T05:00:00","modified_gmt":"2019-11-13T10:00:00","slug":"le-mandat-transitionnel-de-benflis","status":"publish","type":"post","link":"https:\/\/linitiative.ca\/International\/le-mandat-transitionnel-de-benflis\/","title":{"rendered":"Le \u00abmandat transitionnel\u00bb de Benflis"},"content":{"rendered":"<p>Ali Benflis, qui se d\u00e9fend d\u2019agiter la carte de la peur sans raison et sans fondement, lui qui d\u00e9clare que l\u2019Alg\u00e9rie est entr\u00e9e dans la zone de tous les dangers qui ne sont pas qu\u2019imminents mais qui sont l\u00e0, se dit convaincu que dans la mesure o\u00f9 la future \u00e9lection pr\u00e9sidentielle permettra la libre expression du peuple souverain, elle offrira au pays la voie de sortie de crise la moins longue, la moins p\u00e9rilleuse et la moins co\u00fbteuse tout en acc\u00e9l\u00e9rant l\u2019ouverture de tous les chantiers de la rupture et du changement voulus par le peuple alg\u00e9rien.<br \/>M. Kebci &#8211; Alger (Le Soir) &#8211; Dans son programme \u00e9lectoral pour l\u2019\u00e9lection pr\u00e9sidentielle du 12 d\u00e9cembre prochain, le pr\u00e9sident du parti des Avant-gardes des libert\u00e9s \u00e9met un certain nombre de propositions compil\u00e9es dans ce qu\u2019il appelle un \u00abprogramme d\u2019urgence nationale\u00bb qui\u00a0 doit commencer par la mission de combler le vide institutionnel qui touche en premier lieu\u00a0 l\u2019institution pr\u00e9sidentielle et qui ne s\u2019ach\u00e8vera qu\u2019avec la \u00abrel\u00e9gitimation\u00bb de l\u2019ensemble des autres institutions de la R\u00e9publique.<br \/>Un programme d\u2019urgence nationale que l\u2019ancien chef de gouvernement con\u00e7oit \u00aben droite ligne des revendications justes et l\u00e9gitimes de la r\u00e9volution d\u00e9mocratique et pacifique qu\u2019il dit lui\u00a0 \u00eatre \u00abfamili\u00e8res\u00bb et dans lesquelles il dit se \u00abreconna\u00eetre tel qu\u2019il est\u00bb. Soit un ensemble de priorit\u00e9s absolues, politiques, \u00e9conomiques et sociales sur lesquelles Benflis promet une \u00abconcertation\u00bb et une \u00abentente\u00bb en vue d\u2019une \u00abmobilisation la plus large tant elles seront exigeantes en efforts et en sacrifices\u00bb.<br \/>D\u2019o\u00f9 son plaidoyer pour un \u00abmandat pr\u00e9sidentiel de transition\u00bb qui est, \u00e0 ses yeux, l\u2019option\u00a0 la \u00abmoins hasardeuse, la moins porteuse de risques et la moins \u00e9prouvante pour le pays\u00bb pour consacrer le changement radical et global, un v\u00e9ritable leitmotiv cardinal de la r\u00e9volution d\u00e9mocratique pacifique en marche dans le pays depuis le 22 f\u00e9vrier \u00e9coul\u00e9. Il s\u2019agit, pour Benflis, de \u00abremettre la citoyennet\u00e9 et la souverainet\u00e9 au c\u0153ur de notre nouveau syst\u00e8me politique,\u00a0 de transformer l\u2019Etat national en Etat de droit et de la refonte de nos ordres constitutionnel et institutionnel de mani\u00e8re telle que l\u2019exercice des responsabilit\u00e9s politiques soit soumis, en permanence, au contr\u00f4le, \u00e0 la reddition des comptes et \u00e0 la sanction\u00bb.<br \/>Le pr\u00e9sident du parti des Avant-gardes des libert\u00e9s propose, dans ce sens, une \u00e9lection pr\u00e9sidentielle tenue dans des conditions irr\u00e9prochables et aboutissant \u00e0 l\u2019\u00e9lection d\u2019un pr\u00e9sident de la R\u00e9publique \u00e0 la l\u00e9gitimit\u00e9 irr\u00e9cusable, porteur d\u2019un \u00abprojet politique bien identifi\u00e9 qui aura \u00e9t\u00e9 soumis au jugement du peuple souverain et qui aura emport\u00e9 ses suffrages et son adh\u00e9sion\u00bb.\u00a0<br \/>Aussi, Benflis tient \u00e0 ce que les institutions de la R\u00e9publique soient l\u2019\u00e9manation d\u2019une volont\u00e9 populaire authentique et dont la repr\u00e9sentativit\u00e9 et la l\u00e9gitimit\u00e9 doivent \u00eatre sans tache. D\u2019o\u00f9 son id\u00e9e de dissolution de l\u2019actuelle Assembl\u00e9e populaire nationale (APN)\u00a0 pour permettre la rel\u00e9gitimation de l\u2019institution l\u00e9gislative qui sera, additionnellement, investie d\u2019un pouvoir constituant. Dans cette perspective, le candidat propose \u00e9galement la r\u00e9vision de la loi sur les partis, de la loi portant r\u00e9gime \u00e9lectoral et du dispositif de pr\u00e9paration, d\u2019organisation et de contr\u00f4le des \u00e9lections l\u00e9gislatives. Dans ce cadre, il met l\u2019accent sur les mesures visant \u00e0 pr\u00e9venir et \u00e0 dissuader l\u2019immixtion de l\u2019affairisme dans la politique ainsi que sa prise en otage par l\u2019argent douteux dont on mesure aujourd\u2019hui tous les ravages qu\u2019il a caus\u00e9s \u00e0 l\u2019int\u00e9rieur comme \u00e0 l\u2019ext\u00e9rieur\u00a0 des institutions et des administrations du pays.<br \/>D\u00e8s l\u2019\u00e9lection de la nouvelle Assembl\u00e9e populaire nationale, le processus constituant\u00a0 s\u2019enclenchera et, avec son enclenchement, s\u2019ouvrira le chantier majeur de la nouvelle Constitution du pays qui ne devra plus jamais \u00eatre celle d\u2019un homme ou d\u2019un r\u00e9gime politique mais celle de la R\u00e9publique qu\u2019incarnera un Etat de droit. Il s\u2019agira bel et bien de la Constitution de la rupture et du changement.<br \/>Pour Benflis, la future Constitution devra effacer de sa lettre comme de son esprit jusqu\u2019\u00e0 leurs derni\u00e8res empreintes les p\u00e9rils du pouvoir personnel et de la tentation totalitaire, trancher la nature de notre r\u00e9gime politique qui ne saurait \u00eatre que semi-pr\u00e9sidentiel \u2014 et donc semi-parlementaire \u2013 avec en face de tout pouvoir un contre-pouvoir qui sait quand et comment l\u2019arr\u00eater dans ses limites constitutionnelles, proc\u00e9der \u00e0 une redistribution \u00e9quilibr\u00e9e des pouvoirs en conformit\u00e9 avec les exigences de la nature du r\u00e9gime politique choisi, assurer un partage significatif des pr\u00e9rogatives ex\u00e9cutives entre le pr\u00e9sident de la R\u00e9publique et le chef du gouvernement, consacrer le gouvernement comme \u00e9manation obligatoire d\u2019une majorit\u00e9 parlementaire et le rendre comptable et responsable devant l\u2019Assembl\u00e9e nationale, rendre effectifs les pouvoirs de l\u2019institution parlementaire en mati\u00e8re d\u2019initiative l\u00e9gislative, d\u2019\u00e9valuation des politiques publiques, d\u2019investigation et d\u2019enqu\u00eates sur les grandes affaires de l\u2019Etat et de contr\u00f4le du gouvernement, donner corps et vie \u00e0 l\u2019ind\u00e9pendance de la justice en posant tous les ancrages n\u00e9cessaires \u00e0 une refonte du statut du magistrat, \u00e0 une r\u00e9vision en profondeur du Conseil sup\u00e9rieur de la magistrature et \u00e0 une transformation du Conseil constitutionnel en v\u00e9ritable Cour constitutionnelle, constitutionnaliser l\u2019Autorit\u00e9 nationale charg\u00e9e des \u00e9lections \u00e0 laquelle devra revenir l\u2019int\u00e9gralit\u00e9 des comp\u00e9tences en mati\u00e8re de pr\u00e9paration, d\u2019organisation et de contr\u00f4le de l\u2019ensemble des processus \u00e9lectoraux nationaux, \u00e9tablir le cadre requis pour une moralisation de la vie publique en g\u00e9n\u00e9ral et de la vie politique en particulier, notamment en ce qui concerne les privil\u00e8ges de juridiction et l\u2019immunit\u00e9 parlementaire et, enfin, assurer la protection des droits et des libert\u00e9s individuelles et collectives et tout particuli\u00e8rement les droits et les libert\u00e9s civiques et politiques.<br \/>Une nouvelle Constitution que le peuple adoptera par voie r\u00e9f\u00e9rendaire et qui ne fera que poser des fondations sur la base desquelles l\u2019Etat de droit devra \u00eatre construit. Le chantier constitutionnel originel \u00abse d\u00e9multipliera alors en plusieurs chantiers qu\u2019il s\u2019agira d\u2019ouvrir pour traduire en autant de mesures l\u00e9gislatives et r\u00e9glementaires tous les nouveaux dispositifs constitutionnels affectant la vie politique, les structures et le fonctionnement de l\u2019Etat, la justice, les m\u00e9dias et les libert\u00e9s publiques\u00bb, estime Benflis pour qui cette transition politique ne devra pas s\u2019accomplir isol\u00e9ment de l\u2019autre transition \u00e9conomique et sociale qui est tout autant indispensable, sinon vitale pour le pays.<br \/>M. K.<\/p>\n<p>Auteur:<br \/>\n<a href=\"https:\/\/www.lesoirdalgerie.com\/actualites\/le-mandat-transitionnel-de-benflis-33538\">Cliquez ici pour lire l&rsquo;article depuis sa source.<\/a><\/p>\n","protected":false},"excerpt":{"rendered":"<p>Ali Benflis, qui se d\u00e9fend d\u2019agiter la carte de la peur sans raison et sans fondement, lui qui d\u00e9clare que l\u2019Alg\u00e9rie est entr\u00e9e dans la zone de tous les dangers qui ne sont pas qu\u2019imminents mais qui sont l\u00e0, se dit convaincu que dans la mesure o\u00f9 la future \u00e9lection pr\u00e9sidentielle permettra la libre expression [&hellip;]<\/p>\n","protected":false},"author":1741,"featured_media":0,"comment_status":"closed","ping_status":"closed","sticky":false,"template":"","format":"standard","meta":{"fifu_image_url":"","fifu_image_alt":"","footnotes":""},"categories":[73,53],"tags":[],"class_list":["post-67392","post","type-post","status-publish","format-standard","hentry","category-actualite","category-algerie"],"_links":{"self":[{"href":"https:\/\/linitiative.ca\/International\/wp-json\/wp\/v2\/posts\/67392","targetHints":{"allow":["GET"]}}],"collection":[{"href":"https:\/\/linitiative.ca\/International\/wp-json\/wp\/v2\/posts"}],"about":[{"href":"https:\/\/linitiative.ca\/International\/wp-json\/wp\/v2\/types\/post"}],"author":[{"embeddable":true,"href":"https:\/\/linitiative.ca\/International\/wp-json\/wp\/v2\/users\/1741"}],"replies":[{"embeddable":true,"href":"https:\/\/linitiative.ca\/International\/wp-json\/wp\/v2\/comments?post=67392"}],"version-history":[{"count":0,"href":"https:\/\/linitiative.ca\/International\/wp-json\/wp\/v2\/posts\/67392\/revisions"}],"wp:attachment":[{"href":"https:\/\/linitiative.ca\/International\/wp-json\/wp\/v2\/media?parent=67392"}],"wp:term":[{"taxonomy":"category","embeddable":true,"href":"https:\/\/linitiative.ca\/International\/wp-json\/wp\/v2\/categories?post=67392"},{"taxonomy":"post_tag","embeddable":true,"href":"https:\/\/linitiative.ca\/International\/wp-json\/wp\/v2\/tags?post=67392"}],"curies":[{"name":"wp","href":"https:\/\/api.w.org\/{rel}","templated":true}]}}