{"id":67396,"date":"2019-11-13T12:40:12","date_gmt":"2019-11-13T17:40:12","guid":{"rendered":"https:\/\/linitiative.ca\/International\/driss-guerraoui-mettre-les-politiques-de-la-concurrence-au-service-de-la-democratie-economique\/"},"modified":"2019-11-13T12:40:12","modified_gmt":"2019-11-13T17:40:12","slug":"driss-guerraoui-mettre-les-politiques-de-la-concurrence-au-service-de-la-democratie-economique","status":"publish","type":"post","link":"https:\/\/linitiative.ca\/International\/driss-guerraoui-mettre-les-politiques-de-la-concurrence-au-service-de-la-democratie-economique\/","title":{"rendered":"Driss Guerraoui : \u00ab\u00a0Mettre les politiques de la concurrence au service de la d\u00e9mocratie \u00e9conomique\u00a0\u00bb"},"content":{"rendered":"<p><strong>Le pr\u00e9sident du Conseil de la concurrence, Driss Guerraoui, a soulign\u00e9, mercredi \u00e0 Rabat, la n\u00e9cessit\u00e9 de mettre les politiques et droit de la concurrence des Etats au service de la r\u00e9alisation de la justice sociale et de la d\u00e9mocratie \u00e9conomique.<\/strong><\/p>\n<div class=\"c10\"\/>\n<p>Intervenant lors de la conf\u00e9rence internationale sur \u00ab\u00a0Les politiques et droit de la concurrence: Exp\u00e9riences nationales et partenariat international\u00a0\u00bb, organis\u00e9e sous le Haut patronage de SM le Roi Mohammed VI, \u00e0 l\u2019initiative du Conseil, Guerraoui a indiqu\u00e9 que la r\u00e9alisation de cette \u00e9quation est de nature \u00e0 garantir un climat des affaires dans lequel les citoyens deviennent de v\u00e9ritables acteurs de cr\u00e9ation de richesse.<\/p>\n<p>C\u2019est dans ces dimensions strat\u00e9giques profondes que r\u00e9sident les fondements susceptibles de cr\u00e9er chez les soci\u00e9t\u00e9s, cette confiance en les instances nationales de concurrence et de renforcer la coh\u00e9sion sociale, a estim\u00e9 Guerraoui. Ces composantes constituent des leviers indispensables \u00e0 la r\u00e9alisation de nouveaux mod\u00e8les de d\u00e9veloppement, a-t-il relev\u00e9 lors de cette conf\u00e9rence qui a vu la participation d\u2019autorit\u00e9s nationales de la concurrence de par le monde, des repr\u00e9sentants de juridictions et d\u2019institutions publiques de gouvernance et de r\u00e9gulation, ainsi que des repr\u00e9sentants d\u2019organisations internationales et r\u00e9gionales.<\/p>\n<p>En d\u00e9pit de la multiplication des cadres de coop\u00e9ration et de coordination entre les autorit\u00e9s de concurrence pour \u00e9changer les exp\u00e9riences en la mati\u00e8re, la diff\u00e9rence des int\u00e9r\u00eats des Etats demeure un enjeu majeur pour la gouvernance des questions de la concurrence \u00e0 l\u2019\u00e9chelle mondiale, a-t-il fait remarquer, soulignant la n\u00e9cessit\u00e9 d\u2019enclencher une r\u00e9flexion collective et volontaire en vue d\u2019\u00e9viter la prise de d\u00e9cisions discordantes et contradictoires dans le cadre de ces questions.<\/p>\n<p>Afin de garantir cette convergence, il est n\u00e9cessaire de tenir compte des int\u00e9r\u00eats des Etats, des entreprises et des consommateurs, et ce en adoptant une approche pr\u00f4nant le renforcement des fondements de la responsabilit\u00e9 sociale et \u00e9conomique des gouvernements et des entreprises, a-t-il sugg\u00e9r\u00e9.<\/p>\n<div class=\"c17\">\n<fieldset class=\"c16\">\n<legend><strong><span class=\"c11\">Challenge<\/span><span class=\"c12\">news<\/span><\/strong><\/legend>\n<div class=\"c15\">Le meilleur de Challenge s\u00e9lectionn\u00e9 par la r\u00e9daction :<\/p>\n<\/div>\n<\/fieldset>\n<\/div>\n<p>Auteur: challenge<br \/>\n<a href=\"https:\/\/www.challenge.ma\/driss-guerraoui-mettre-les-politiques-de-la-concurrence-au-service-de-la-democratie-economique-123159\/\">Cliquez ici pour lire l&rsquo;article depuis sa source.<\/a><\/p>\n","protected":false},"excerpt":{"rendered":"<p>Le pr\u00e9sident du Conseil de la concurrence, Driss Guerraoui, a soulign\u00e9, mercredi \u00e0 Rabat, la n\u00e9cessit\u00e9 de mettre les politiques et droit de la concurrence des Etats au service de la r\u00e9alisation de la justice sociale et de la d\u00e9mocratie \u00e9conomique. Intervenant lors de la conf\u00e9rence internationale sur \u00ab\u00a0Les politiques et droit de la concurrence: [&hellip;]<\/p>\n","protected":false},"author":1787,"featured_media":0,"comment_status":"closed","ping_status":"closed","sticky":false,"template":"","format":"standard","meta":{"fifu_image_url":"","fifu_image_alt":"","footnotes":""},"categories":[78,54],"tags":[],"class_list":["post-67396","post","type-post","status-publish","format-standard","hentry","category-economie","category-maroc"],"_links":{"self":[{"href":"https:\/\/linitiative.ca\/International\/wp-json\/wp\/v2\/posts\/67396","targetHints":{"allow":["GET"]}}],"collection":[{"href":"https:\/\/linitiative.ca\/International\/wp-json\/wp\/v2\/posts"}],"about":[{"href":"https:\/\/linitiative.ca\/International\/wp-json\/wp\/v2\/types\/post"}],"author":[{"embeddable":true,"href":"https:\/\/linitiative.ca\/International\/wp-json\/wp\/v2\/users\/1787"}],"replies":[{"embeddable":true,"href":"https:\/\/linitiative.ca\/International\/wp-json\/wp\/v2\/comments?post=67396"}],"version-history":[{"count":0,"href":"https:\/\/linitiative.ca\/International\/wp-json\/wp\/v2\/posts\/67396\/revisions"}],"wp:attachment":[{"href":"https:\/\/linitiative.ca\/International\/wp-json\/wp\/v2\/media?parent=67396"}],"wp:term":[{"taxonomy":"category","embeddable":true,"href":"https:\/\/linitiative.ca\/International\/wp-json\/wp\/v2\/categories?post=67396"},{"taxonomy":"post_tag","embeddable":true,"href":"https:\/\/linitiative.ca\/International\/wp-json\/wp\/v2\/tags?post=67396"}],"curies":[{"name":"wp","href":"https:\/\/api.w.org\/{rel}","templated":true}]}}