{"id":67397,"date":"2019-11-13T13:00:09","date_gmt":"2019-11-13T18:00:09","guid":{"rendered":"https:\/\/linitiative.ca\/International\/canada-lacces-a-la-citoyennete-en-recul-chez-les-nouveaux-immigrants\/"},"modified":"2019-11-13T13:00:09","modified_gmt":"2019-11-13T18:00:09","slug":"canada-lacces-a-la-citoyennete-en-recul-chez-les-nouveaux-immigrants","status":"publish","type":"post","link":"https:\/\/linitiative.ca\/International\/canada-lacces-a-la-citoyennete-en-recul-chez-les-nouveaux-immigrants\/","title":{"rendered":"Canada : l\u2019acc\u00e8s \u00e0 la citoyennet\u00e9 en recul chez les nouveaux immigrants"},"content":{"rendered":"<p><strong>Le pourcentage d\u2019immigrants r\u00e9cents ayant acquis la citoyennet\u00e9 canadienne a nettement recul\u00e9 durant les 20 derni\u00e8res ann\u00e9es, surtout chez les immigrants ayant un faible revenu ou peu scolaris\u00e9s, r\u00e9v\u00e8le une \u00e9tude de l\u2019agence Statistiques au Canada.<\/strong><\/p>\n<div class=\"c10\"\/>\n<p>Chez les immigr\u00e9s r\u00e9cents, le taux de citoyennet\u00e9 a d\u2019abord augment\u00e9 pour passer de 68,6 % en 1991 \u00e0 75,4 % en 1996, avant de baisser \u00e0 60,4 % en 2016, rel\u00e8ve l\u2019\u00e9tude publi\u00e9e mercredi. De 1996 \u00e0 2016, chez les immigr\u00e9s dont la langue maternelle \u00e9tait le fran\u00e7ais ou l\u2019anglais, le taux de citoyennet\u00e9 a tout de m\u00eame diminu\u00e9 en passant de 69,2 \u00e0 61 %.<\/p>\n<p>Chez les immigrants dont la langue maternelle n\u2019\u00e9tait pas le fran\u00e7ais ou l\u2019anglais, mais qui pouvaient parler les deux langues, le taux de citoyennet\u00e9 a aussi recul\u00e9 de 79,7 \u00e0 63,4 %.<\/p>\n<p>Lire aussi : <a href=\"https:\/\/www.challenge.ma\/canada-une-croissance-demographique-boostee-par-limmigration-118908\/\">Canada : une croissance d\u00e9mographique boost\u00e9e par l\u2019immigration<\/a><\/p>\n<p>De m\u00eame, chez les immigrants r\u00e9cents poss\u00e9dant un baccalaur\u00e9at ou un grade sup\u00e9rieur, le taux de citoyennet\u00e9 a aussi diminu\u00e9 (de 80,9 \u00e0 67,1 %) au cours de la p\u00e9riode 1996-2016. Il en est de m\u00eame pour les titulaires d\u2019un dipl\u00f4me d\u2019\u00e9tudes secondaires.<\/p>\n<p>L\u2019agence souligne toutefois que le Canada affiche l\u2019un des taux de citoyennet\u00e9 des immigrants les plus \u00e9lev\u00e9s au sein des principaux pays occidentaux. La citoyennet\u00e9, rel\u00e8ve l\u2019\u00e9tude, est un indicateur cl\u00e9 d\u2019int\u00e9gration, puisqu\u2019elle permet aux immigr\u00e9s de voter et de s\u2019investir en politique ainsi que d\u2019am\u00e9liorer leurs possibilit\u00e9s d\u2019emploi.<\/p>\n<div class=\"c17\">\n<fieldset class=\"c16\">\n<legend><strong><span class=\"c11\">Challenge<\/span><span class=\"c12\">news<\/span><\/strong><\/legend>\n<div class=\"c15\">Le meilleur de Challenge s\u00e9lectionn\u00e9 par la r\u00e9daction :<\/p>\n<\/div>\n<\/fieldset>\n<\/div>\n<p>Auteur: challenge<br \/>\n<a href=\"https:\/\/www.challenge.ma\/canada-lacces-a-la-citoyennete-en-recul-chez-les-nouveaux-immigrants-123163\/\">Cliquez ici pour lire l&rsquo;article depuis sa source.<\/a><\/p>\n","protected":false},"excerpt":{"rendered":"<p>Le pourcentage d\u2019immigrants r\u00e9cents ayant acquis la citoyennet\u00e9 canadienne a nettement recul\u00e9 durant les 20 derni\u00e8res ann\u00e9es, surtout chez les immigrants ayant un faible revenu ou peu scolaris\u00e9s, r\u00e9v\u00e8le une \u00e9tude de l\u2019agence Statistiques au Canada. Chez les immigr\u00e9s r\u00e9cents, le taux de citoyennet\u00e9 a d\u2019abord augment\u00e9 pour passer de 68,6 % en 1991 \u00e0 [&hellip;]<\/p>\n","protected":false},"author":1787,"featured_media":0,"comment_status":"closed","ping_status":"closed","sticky":false,"template":"","format":"standard","meta":{"fifu_image_url":"","fifu_image_alt":"","footnotes":""},"categories":[78,54],"tags":[],"class_list":["post-67397","post","type-post","status-publish","format-standard","hentry","category-economie","category-maroc"],"_links":{"self":[{"href":"https:\/\/linitiative.ca\/International\/wp-json\/wp\/v2\/posts\/67397","targetHints":{"allow":["GET"]}}],"collection":[{"href":"https:\/\/linitiative.ca\/International\/wp-json\/wp\/v2\/posts"}],"about":[{"href":"https:\/\/linitiative.ca\/International\/wp-json\/wp\/v2\/types\/post"}],"author":[{"embeddable":true,"href":"https:\/\/linitiative.ca\/International\/wp-json\/wp\/v2\/users\/1787"}],"replies":[{"embeddable":true,"href":"https:\/\/linitiative.ca\/International\/wp-json\/wp\/v2\/comments?post=67397"}],"version-history":[{"count":0,"href":"https:\/\/linitiative.ca\/International\/wp-json\/wp\/v2\/posts\/67397\/revisions"}],"wp:attachment":[{"href":"https:\/\/linitiative.ca\/International\/wp-json\/wp\/v2\/media?parent=67397"}],"wp:term":[{"taxonomy":"category","embeddable":true,"href":"https:\/\/linitiative.ca\/International\/wp-json\/wp\/v2\/categories?post=67397"},{"taxonomy":"post_tag","embeddable":true,"href":"https:\/\/linitiative.ca\/International\/wp-json\/wp\/v2\/tags?post=67397"}],"curies":[{"name":"wp","href":"https:\/\/api.w.org\/{rel}","templated":true}]}}