{"id":67398,"date":"2019-11-13T13:05:16","date_gmt":"2019-11-13T18:05:16","guid":{"rendered":"https:\/\/linitiative.ca\/International\/le-conseil-de-la-concurrence-renforce-sa-demarche\/"},"modified":"2019-11-13T13:05:16","modified_gmt":"2019-11-13T18:05:16","slug":"le-conseil-de-la-concurrence-renforce-sa-demarche","status":"publish","type":"post","link":"https:\/\/linitiative.ca\/International\/le-conseil-de-la-concurrence-renforce-sa-demarche\/","title":{"rendered":"Le Conseil de la Concurrence renforce sa d\u00e9marche"},"content":{"rendered":"<p><strong>Le Conseil de la Concurrence passe \u00e0 la vitesse sup\u00e9rieure en organisant une conf\u00e9rence internationale \u00e0 Rabat, les 13 et 14 novembre courant, sous le titre \u00ab\u00a0Politiques et Droit de la concurrence. Exp\u00e9riences nationales et partenariat international\u00a0\u00bb.<\/strong><\/p>\n<div class=\"c10\"\/>\n<p>Cr\u00e9\u00e9 en 2000, et ayant exerc\u00e9 depuis 2008 une activit\u00e9 consultative, le Conseil de la Concurrence (CC) a \u00e9t\u00e9 transform\u00e9 en organe constitutionnel par la Constitution de 2011. Les deux premi\u00e8res ann\u00e9es de \u00ab\u00a0red\u00e9marrage\u00a0\u00bb de cette institution, en 2018 et 2019, se sont notamment traduites par la production de plusieurs rapports et d\u2019avis sur des questions \u00e9conomiques centrales, notamment celle aff\u00e9rente au march\u00e9 des hydrocarbures.<\/p>\n<p>Dans un contexte international caract\u00e9ris\u00e9 par une \u00ab\u00a0nouvelle g\u00e9n\u00e9ration de guerres commerciales\u00a0\u00bb, le CC est certainement appel\u00e9 \u00e0 jouer un r\u00f4le fondamental dans le d\u00e9veloppement de la comp\u00e9titivit\u00e9 des entreprises, aussi bien au niveau national qu\u2019au niveau international, o\u00f9 les nouvelles technologies de l\u2019information et de la communication ont contribu\u00e9 \u00e0 une acc\u00e9l\u00e9ration des processus de transformation de presque tous les secteurs, pas seulement \u00e9conomiques.<\/p>\n<p>Lire aussi : Driss Guerraoui : <a href=\"https:\/\/www.challenge.ma\/driss-guerraoui-mettre-les-politiques-de-la-concurrence-au-service-de-la-democratie-economique-123159\/\">\u00ab\u00a0Mettre les politiques de la concurrence au service de la d\u00e9mocratie \u00e9conomique\u00a0\u00bb<\/a><\/p>\n<p>Cette conf\u00e9rence sied une dimension international \u00e0 plusieurs titres. En effet, trois organisations internationales\u00a0: la CNUCED, l\u2019OCDE et la Banque Mondiale y participent. Cinq experts originaires d\u2019Etats africains (Afrique du Sud, Kenya, Alg\u00e9rie, Tunisie et Gambie) et du Maroc sont venus partager leurs exp\u00e9riences. C\u2019est aussi le cas de quatre experts venus de pays d\u2019Asie (Chine, Turquie, Inde et Japon), de cinq experts europ\u00e9ens (Royaume Uni, Portugal, Autriche, Allemagne et Suisse) et d\u2019un expert br\u00e9silien. C\u2019est l\u00e0 une diversit\u00e9 exceptionnelle de points de vue et d\u2019exp\u00e9riences pratiques. Au niveau national, la Conf\u00e9d\u00e9ration g\u00e9n\u00e9rale des entreprises du Maroc (CGEM) et le Conseil \u00e9conomique, social et environnemental (CESE) ont aussi \u00e9t\u00e9 invit\u00e9s \u00e0 partager leurs visions sur la question de la concurrence.<\/p>\n<p>Partager les meilleures pratiques nationales et internationales est le premier objectif de cette rencontre. Tisser des relations de coop\u00e9ration et faire face aux nouveaux d\u00e9fis inh\u00e9rents \u00e0 la \u00ab\u00a0r\u00e9volution digitale\u00a0\u00bb en cours, source d\u2019une nouvelle complexit\u00e9 dans les rapports internationaux est le nouveau d\u00e9fi \u00e0 relever. C\u2019est l\u00e0 un \u00e9v\u00e8nement traduisant cette prise de conscience mondiale d\u2019un besoin de d\u00e9velopper la concurrence loyale, synonyme de d\u00e9mocratie \u00e9conomique et non antinomique \u00e0 la justice sociale.<\/p>\n<div class=\"c17\">\n<fieldset class=\"c16\">\n<legend><strong><span class=\"c11\">Challenge<\/span><span class=\"c12\">news<\/span><\/strong><\/legend>\n<div class=\"c15\">Le meilleur de Challenge s\u00e9lectionn\u00e9 par la r\u00e9daction :<\/p>\n<\/div>\n<\/fieldset>\n<\/div>\n<p>Auteur: Mohamed Amine<br \/>\n<a href=\"https:\/\/www.challenge.ma\/le-conseil-de-la-concurrence-renforce-sa-demarche-123174\/\">Cliquez ici pour lire l&rsquo;article depuis sa source.<\/a><\/p>\n","protected":false},"excerpt":{"rendered":"<p>Le Conseil de la Concurrence passe \u00e0 la vitesse sup\u00e9rieure en organisant une conf\u00e9rence internationale \u00e0 Rabat, les 13 et 14 novembre courant, sous le titre \u00ab\u00a0Politiques et Droit de la concurrence. Exp\u00e9riences nationales et partenariat international\u00a0\u00bb. Cr\u00e9\u00e9 en 2000, et ayant exerc\u00e9 depuis 2008 une activit\u00e9 consultative, le Conseil de la Concurrence (CC) a [&hellip;]<\/p>\n","protected":false},"author":1787,"featured_media":0,"comment_status":"closed","ping_status":"closed","sticky":false,"template":"","format":"standard","meta":{"fifu_image_url":"","fifu_image_alt":"","footnotes":""},"categories":[78,54],"tags":[],"class_list":["post-67398","post","type-post","status-publish","format-standard","hentry","category-economie","category-maroc"],"_links":{"self":[{"href":"https:\/\/linitiative.ca\/International\/wp-json\/wp\/v2\/posts\/67398","targetHints":{"allow":["GET"]}}],"collection":[{"href":"https:\/\/linitiative.ca\/International\/wp-json\/wp\/v2\/posts"}],"about":[{"href":"https:\/\/linitiative.ca\/International\/wp-json\/wp\/v2\/types\/post"}],"author":[{"embeddable":true,"href":"https:\/\/linitiative.ca\/International\/wp-json\/wp\/v2\/users\/1787"}],"replies":[{"embeddable":true,"href":"https:\/\/linitiative.ca\/International\/wp-json\/wp\/v2\/comments?post=67398"}],"version-history":[{"count":0,"href":"https:\/\/linitiative.ca\/International\/wp-json\/wp\/v2\/posts\/67398\/revisions"}],"wp:attachment":[{"href":"https:\/\/linitiative.ca\/International\/wp-json\/wp\/v2\/media?parent=67398"}],"wp:term":[{"taxonomy":"category","embeddable":true,"href":"https:\/\/linitiative.ca\/International\/wp-json\/wp\/v2\/categories?post=67398"},{"taxonomy":"post_tag","embeddable":true,"href":"https:\/\/linitiative.ca\/International\/wp-json\/wp\/v2\/tags?post=67398"}],"curies":[{"name":"wp","href":"https:\/\/api.w.org\/{rel}","templated":true}]}}