{"id":67399,"date":"2019-11-13T15:43:43","date_gmt":"2019-11-13T20:43:43","guid":{"rendered":"https:\/\/linitiative.ca\/International\/temps-froid-ce-week-end-au-maroc\/"},"modified":"2019-11-13T15:43:43","modified_gmt":"2019-11-13T20:43:43","slug":"temps-froid-ce-week-end-au-maroc","status":"publish","type":"post","link":"https:\/\/linitiative.ca\/International\/temps-froid-ce-week-end-au-maroc\/","title":{"rendered":"Temps froid ce week-end au Maroc"},"content":{"rendered":"<p><strong>La Direction de la m\u00e9t\u00e9orologie nationale vient d\u2019\u00e9mettre un bulletin m\u00e9t\u00e9orologique sp\u00e9cial.<\/strong><\/p>\n<div class=\"c10\"\/>\n<p>Des chutes de <strong>neige<\/strong> et un temps froid du niveau \u00ab\u00a0orange\u00a0\u00bb sont pr\u00e9vus du vendredi au dimanche dans plusieurs provinces du Royaume, annonce mercredi la <strong>Direction de la m\u00e9t\u00e9orologie nationale<\/strong> (DMN).<\/p>\n<p>Des chutes de neige du niveau \u00ab\u00a0orange\u00a0\u00bb concerneront ainsi les pr\u00e9fectures et les provinces de Boulemane, Guercif, Ifrane, Kh\u00e9nifra, Midelt, Sefrou et de Taza, a indiqu\u00e9 la DMN dans un bulletin m\u00e9t\u00e9orologique sp\u00e9cial.<\/p>\n<p>Un temps froid est \u00e9galement pr\u00e9vu le week-end avec des temp\u00e9ratures minimales oscillant entre 00 et 04 degr\u00e9s et maximales variant entre 02 et 07 degr\u00e9s \u00e0 Al Haouz, Azilal, B\u00e9ni Mellal, Boulemane, Feguig, Guercif, Ifrane, Midelt, Taza et Tinghir, selon la m\u00eame source.<\/p>\n<p>Durant la m\u00eame p\u00e9riode, un temps <strong>froid<\/strong> est pr\u00e9vu \u00e0 Al Hoceima, Kh\u00e9misset, Errachidia, Taroudant, Taourirt, Taounate, Jerada, Khouribga, Driouch, Rehamna, Zagoura, Chefchaouen, Fqih Bensaleh, Mekn\u00e8s, Moulay Ya\u00e2coub, Oujda-Angad, Ouarzazate, avec des temp\u00e9ratures minimales oscillant entre 00 et 04 degr\u00e9s et maximales entre 10 et 15 degr\u00e9s.<\/p>\n<div class=\"c17\">\n<fieldset class=\"c16\">\n<legend><strong><span class=\"c11\">Challenge<\/span><span class=\"c12\">news<\/span><\/strong><\/legend>\n<div class=\"c15\">Le meilleur de Challenge s\u00e9lectionn\u00e9 par la r\u00e9daction :<\/p>\n<\/div>\n<\/fieldset>\n<\/div>\n<p>Auteur: challenge<br \/>\n<a href=\"https:\/\/www.challenge.ma\/temps-froid-ce-week-end-au-maroc-123166\/\">Cliquez ici pour lire l&rsquo;article depuis sa source.<\/a><\/p>\n","protected":false},"excerpt":{"rendered":"<p>La Direction de la m\u00e9t\u00e9orologie nationale vient d\u2019\u00e9mettre un bulletin m\u00e9t\u00e9orologique sp\u00e9cial. Des chutes de neige et un temps froid du niveau \u00ab\u00a0orange\u00a0\u00bb sont pr\u00e9vus du vendredi au dimanche dans plusieurs provinces du Royaume, annonce mercredi la Direction de la m\u00e9t\u00e9orologie nationale (DMN). Des chutes de neige du niveau \u00ab\u00a0orange\u00a0\u00bb concerneront ainsi les pr\u00e9fectures et [&hellip;]<\/p>\n","protected":false},"author":1787,"featured_media":0,"comment_status":"closed","ping_status":"closed","sticky":false,"template":"","format":"standard","meta":{"fifu_image_url":"","fifu_image_alt":"","footnotes":""},"categories":[78,54],"tags":[],"class_list":["post-67399","post","type-post","status-publish","format-standard","hentry","category-economie","category-maroc"],"_links":{"self":[{"href":"https:\/\/linitiative.ca\/International\/wp-json\/wp\/v2\/posts\/67399","targetHints":{"allow":["GET"]}}],"collection":[{"href":"https:\/\/linitiative.ca\/International\/wp-json\/wp\/v2\/posts"}],"about":[{"href":"https:\/\/linitiative.ca\/International\/wp-json\/wp\/v2\/types\/post"}],"author":[{"embeddable":true,"href":"https:\/\/linitiative.ca\/International\/wp-json\/wp\/v2\/users\/1787"}],"replies":[{"embeddable":true,"href":"https:\/\/linitiative.ca\/International\/wp-json\/wp\/v2\/comments?post=67399"}],"version-history":[{"count":0,"href":"https:\/\/linitiative.ca\/International\/wp-json\/wp\/v2\/posts\/67399\/revisions"}],"wp:attachment":[{"href":"https:\/\/linitiative.ca\/International\/wp-json\/wp\/v2\/media?parent=67399"}],"wp:term":[{"taxonomy":"category","embeddable":true,"href":"https:\/\/linitiative.ca\/International\/wp-json\/wp\/v2\/categories?post=67399"},{"taxonomy":"post_tag","embeddable":true,"href":"https:\/\/linitiative.ca\/International\/wp-json\/wp\/v2\/tags?post=67399"}],"curies":[{"name":"wp","href":"https:\/\/api.w.org\/{rel}","templated":true}]}}