{"id":67401,"date":"2019-11-13T16:14:54","date_gmt":"2019-11-13T21:14:54","guid":{"rendered":"https:\/\/linitiative.ca\/International\/deuxieme-forum-de-paris-sur-la-paixles-sommets-se-multiplient-la-paix-seloigne\/"},"modified":"2019-11-13T16:14:54","modified_gmt":"2019-11-13T21:14:54","slug":"deuxieme-forum-de-paris-sur-la-paixles-sommets-se-multiplient-la-paix-seloigne","status":"publish","type":"post","link":"https:\/\/linitiative.ca\/International\/deuxieme-forum-de-paris-sur-la-paixles-sommets-se-multiplient-la-paix-seloigne\/","title":{"rendered":"DEUXIEME FORUM DE PARIS SUR LA PAIX:Les sommets se multiplient, la paix s\u2019\u00e9loigne"},"content":{"rendered":"<div class=\"stream-item stream-item-above-post-content\">\n<p><noscript><\/p>\n<p><a href=\"\/\/www3.smartadserver.com\/ac?jump=1&#038;nwid=2136&#038;siteid=240610&#038;pgname=rg&#038;fmtid=49046&#038;visit=m&#038;tmstp=[timestamp]&#038;out=nonrich\" target=\"_blank\" rel=\"noopener noreferrer\"><img decoding=\"async\" src=\"\/\/www3.smartadserver.com\/ac?out=nonrich&#038;nwid=2136&#038;siteid=240610&#038;pgname=rg&#038;fmtid=49046&#038;visit=m&#038;tmstp=[timestamp]\" border=\"0\" alt=\"\"\/><\/a><\/p>\n<p><\/noscript><\/div>\n<p class=\"c3\">Depuis le 12 novembre 2019, Paris, la capitale fran\u00e7aise, accueille, pour deux jours, le deuxi\u00e8me Forum sur la paix. Une rencontre de haut niveau qui regroupe, outre le secr\u00e9taire g\u00e9n\u00e9ral de l\u2019ONU, Antonio Guterres, des repr\u00e9sentants d\u2019organisations de la soci\u00e9t\u00e9 civile et des responsables politiques au nombre desquels on compte une trentaine de chefs d\u2019Etat dont une dizaine venus du continent africain. Un rendez-vous pour discuter de la paix dans le monde, dans ses diff\u00e9rentes dimensions, avec pour objectif la d\u00e9fense du multilat\u00e9ralisme \u00e0 travers la plan\u00e8te.<\/p>\n<p class=\"c3\">Le moins que l\u2019on puisse dire, c\u2019est que ce sommet ne pouvait pas mieux tomber \u00e0 propos, tant la plan\u00e8te est aujourd\u2019hui tourment\u00e9e aux quatre points cardinaux. Si ailleurs, les d\u00e9fis de la paix se traduisent essentiellement par la fracture sociale et les risques de guerres d\u2019influence et de positionnement g\u00e9ostrat\u00e9gique entre les puissances \u00e9conomiques et militaires, en Afrique, en g\u00e9n\u00e9ral et dans les pays du Sahel, en particulier, ils se conjuguent en termes de mal-\u00eatre des populations face \u00e0 la mauvaise gouvernance des dirigeants et de pr\u00e9occupation par rapport \u00e0 la lancinante question du terrorisme qui continue de troubler le sommeil des populations.<\/p>\n<p class=\"c3\"><strong>On peut se demander si les Occidentaux n\u2019ont pas habilement man\u0153uvr\u00e9 pour repousser les fronti\u00e8res du terrorisme dans nos contr\u00e9es<\/strong><\/p>\n<p class=\"c3\">C\u2019est pourquoi l\u2019importance et la pertinence de ce deuxi\u00e8me Forum de Paris sur la paix, n\u2019est plus \u00e0 d\u00e9montrer, pour autant que l\u2019on ait proc\u00e9d\u00e9 \u00e0 une \u00e9valuation des r\u00e9solutions du premier. D\u2019autant qu\u2019il intervient dans un contexte d\u2019ins\u00e9curit\u00e9 presque g\u00e9n\u00e9ralis\u00e9e au Sahel, au lendemain de deux grandes attaques terroristes qui ont endeuill\u00e9 successivement le Mali et le Burkina Faso. Seulement, quand on est marqu\u00e9 au fer rouge comme ces pays du Sahel voire au-del\u00e0, par l\u2019hydre terroriste, on se surprend parfois \u00e0 avoir le triste sentiment que plus les sommets se multiplient, plus la paix s\u2019\u00e9loigne pour les populations africaines. Comme si ce genre de rencontres \u00e9taient des adjuvants pour les forces du mal pour mieux s\u00e9vir.<\/p>\n<p class=\"c3\">Par ailleurs, ce forum se tient au moment o\u00f9 se d\u00e9veloppe un sentiment anti-fran\u00e7ais dans certains pays du Sahel, ce qui pourrait amener d\u2019aucuns \u00e0 ne pas y croire d\u2019autant qu\u2019\u00e0 l\u2019origine de ce ressentiment, la France est soup\u00e7onn\u00e9e de ne pas jouer franc jeu dans la lutte contre le terrorisme. C\u2019est dire qu\u2019autant les sommets du genre peuvent \u00eatre porteurs d\u2019espoirs de trouver des solutions pour endiguer le mal, autant les lignes, aux yeux du citoyen lambda, peinent \u00e0 bouger pour des r\u00e9sultats insignifiants lorsqu\u2019ils ne sont pas simplement invisibles. Pour des populations d\u00e9j\u00e0 contraintes de s\u2019accommoder des pires dirigeants de la plan\u00e8te en termes de gouvernance, et de plus en plus oblig\u00e9es de composer aujourd\u2019hui avec le terrorisme, cela fait un fardeau un peu trop lourd \u00e0 porter.<\/p>\n<p class=\"c3\">D\u2019ailleurs, on peut se demander si les Occidentaux n\u2019ont pas habilement man\u0153uvr\u00e9 pour repousser les fronti\u00e8res du terrorisme dans les limites territoriales de nos contr\u00e9es pour mieux mettre leurs populations \u00e0 l\u2019abri. Car, on se demande encore comment le terrorisme, cette r\u00e9alit\u00e9 lointaine et jadis m\u00e9connue dans notre espace, a pu s\u2019installer dans le quotidien de nos populations au point d\u2019en faire aujourd\u2019hui \u00a0l\u2019un des foyers incandescents du terrorisme dans le monde.<\/p>\n<p class=\"c3\"><strong>Il \u00a0est temps de parler moins et d\u2019agir plus<\/strong><\/p>\n<p class=\"c3\">C\u2019est pourquoi, au-del\u00e0 du folklore, des sommets du genre doivent \u00eatre interpellateurs pour les Africains, particuli\u00e8rement sur le r\u00f4le que leurs dirigeants vont y jouer. D\u2019ailleurs, \u00e0 regarder le profil de certains repr\u00e9sentants du continent noir, tels que le Camerounais Paul Biya, le Tchadien Idriss D\u00e9by Itno, etc. qui apparaissent comme autant de fossoyeurs de la d\u00e9mocratie sur le continent avec son corollaire de tensions sociales, on se demande si pour ces \u00a0cas, ce ne sont pas des ennemis de la paix qui ont \u00e9t\u00e9 invit\u00e9s \u00e0 ce Forum.<\/p>\n<p class=\"c3\">Cela dit, s\u2019il est un aspect de ces sommets de haut niveau o\u00f9 le b\u00e2t blesse, ce sont les engagements et autres belles r\u00e9solutions qui en d\u00e9coulent, mais qui restent g\u00e9n\u00e9ralement sans suite. Une situation qui pourrait expliquer le m\u00e9contentement des populations face \u00e0 la d\u00e9gradation continuelle de la situation s\u00e9curitaire dans leurs pays respectifs. En tout cas, \u00a0il y a de quoi, pour les populations africaines, se demander si elles peuvent encore croire en de tels sommets. Surtout qu\u2019au m\u00eame moment, sans tambour ni trompette, le terrorisme continue d\u2019\u00e9tendre ses tentacules sur le terrain, au grand dam de ces m\u00eames populations qui ne savent plus \u00e0 quelle arm\u00e9e se vouer. C\u2019est \u00e0 se demander si en tenant de telles rencontres \u00e0 grand renfort de publicit\u00e9, on ne se d\u00e9voile pas du m\u00eame coup \u00e0 l\u2019ennemi que l\u2019on est cens\u00e9 combattre. C\u2019est dire si dans cette lutte contre le terrorisme, il est peut-\u00eatre temps de changer de paradigme. Car, il est bien connu qu\u2019en la mati\u00e8re, les op\u00e9rations les plus efficaces sont celles qui se passent dans la discr\u00e9tion. Autrement dit, il \u00a0est temps de parler moins et d\u2019agir plus. Comme les terroristes.<\/p>\n<p class=\"c3\"><strong>\u00a0<\/strong><\/p>\n<p class=\"c3\"><strong><em>\u00ab\u00a0Le Pays\u00a0\u00bb<\/em><\/strong><\/p>\n<p class=\"c3\"><strong>\u00a0<\/strong><\/p>\n<p>Auteur: Le Pays<br \/>\n<a href=\"http:\/\/lepays.bf\/deuxieme-forum-de-paris-sur-la-paixles-sommets-se-multiplient-la-paix-seloigne\/\">Cliquez ici pour lire l&rsquo;article depuis sa source.<\/a><\/p>\n","protected":false},"excerpt":{"rendered":"<p>Depuis le 12 novembre 2019, Paris, la capitale fran\u00e7aise, accueille, pour deux jours, le deuxi\u00e8me Forum sur la paix. Une rencontre de haut niveau qui regroupe, outre le secr\u00e9taire g\u00e9n\u00e9ral de l\u2019ONU, Antonio Guterres, des repr\u00e9sentants d\u2019organisations de la soci\u00e9t\u00e9 civile et des responsables politiques au nombre desquels on compte une trentaine de chefs d\u2019Etat [&hellip;]<\/p>\n","protected":false},"author":1813,"featured_media":0,"comment_status":"closed","ping_status":"closed","sticky":false,"template":"","format":"standard","meta":{"fifu_image_url":"","fifu_image_alt":"","footnotes":""},"categories":[73,81],"tags":[],"class_list":["post-67401","post","type-post","status-publish","format-standard","hentry","category-actualite","category-burkina-faso"],"_links":{"self":[{"href":"https:\/\/linitiative.ca\/International\/wp-json\/wp\/v2\/posts\/67401","targetHints":{"allow":["GET"]}}],"collection":[{"href":"https:\/\/linitiative.ca\/International\/wp-json\/wp\/v2\/posts"}],"about":[{"href":"https:\/\/linitiative.ca\/International\/wp-json\/wp\/v2\/types\/post"}],"author":[{"embeddable":true,"href":"https:\/\/linitiative.ca\/International\/wp-json\/wp\/v2\/users\/1813"}],"replies":[{"embeddable":true,"href":"https:\/\/linitiative.ca\/International\/wp-json\/wp\/v2\/comments?post=67401"}],"version-history":[{"count":0,"href":"https:\/\/linitiative.ca\/International\/wp-json\/wp\/v2\/posts\/67401\/revisions"}],"wp:attachment":[{"href":"https:\/\/linitiative.ca\/International\/wp-json\/wp\/v2\/media?parent=67401"}],"wp:term":[{"taxonomy":"category","embeddable":true,"href":"https:\/\/linitiative.ca\/International\/wp-json\/wp\/v2\/categories?post=67401"},{"taxonomy":"post_tag","embeddable":true,"href":"https:\/\/linitiative.ca\/International\/wp-json\/wp\/v2\/tags?post=67401"}],"curies":[{"name":"wp","href":"https:\/\/api.w.org\/{rel}","templated":true}]}}