{"id":67402,"date":"2019-11-13T16:19:49","date_gmt":"2019-11-13T21:19:49","guid":{"rendered":"https:\/\/linitiative.ca\/International\/crise-politique-en-guinee-bissauvaz-joue-son-va-tout\/"},"modified":"2019-11-13T16:19:49","modified_gmt":"2019-11-13T21:19:49","slug":"crise-politique-en-guinee-bissauvaz-joue-son-va-tout","status":"publish","type":"post","link":"https:\/\/linitiative.ca\/International\/crise-politique-en-guinee-bissauvaz-joue-son-va-tout\/","title":{"rendered":"CRISE POLITIQUE EN GUINEE-BISSAU:Vaz joue son va-tout"},"content":{"rendered":"<div class=\"stream-item stream-item-above-post-content\">\n<p><noscript><\/p>\n<p><a href=\"\/\/www3.smartadserver.com\/ac?jump=1&#038;nwid=2136&#038;siteid=240610&#038;pgname=rg&#038;fmtid=49046&#038;visit=m&#038;tmstp=[timestamp]&#038;out=nonrich\" target=\"_blank\" rel=\"noopener noreferrer\"><img decoding=\"async\" src=\"\/\/www3.smartadserver.com\/ac?out=nonrich&#038;nwid=2136&#038;siteid=240610&#038;pgname=rg&#038;fmtid=49046&#038;visit=m&#038;tmstp=[timestamp]\" border=\"0\" alt=\"\"\/><\/a><\/p>\n<p><\/noscript><\/div>\n<p class=\"c3\">A une dizaine de jours de la pr\u00e9sidentielle du 24 novembre prochain, la situation reste tendue en Guin\u00e9e-Bissau, entre la Communaut\u00e9 \u00e9conomique des Etats de l\u2019Afrique de l\u2019Ouest (CEDEAO) et le pr\u00e9sident Jos\u00e9 Mario Vaz. En effet, apr\u00e8s la d\u00e9mission forc\u00e9e au parfum de camouflet, \u00a0de son Premier ministre, Faustino Imballi, nomm\u00e9 au forceps, une dizaine de jours plus t\u00f4t, en remplacement d\u2019Aristide Gomes reconnu par la communaut\u00e9 internationale qui reconna\u00eet \u00e0 ce dernier la l\u00e9gitimit\u00e9 d\u2019organiser les \u00e9lections, la nouvelle trouvaille du pr\u00e9sident Jos\u00e9 Mario Vaz est d\u2019inciter ses compatriotes \u00e0 la r\u00e9volte contre l\u2019organisation sous-r\u00e9gionale. Ce, en instrumentalisant ses partisans \u00e0 travers des manifestations de soutien en sa faveur. Mais en accusant la CEDEAO <em>\u00ab\u00a0d\u2019ing\u00e9rence\u00a0\u00bb<\/em> et en surfant sur la vague d\u2019un souverainisme de mauvais aloi, Jos\u00e9 Mario Vaz fait preuve d\u2019amn\u00e9sie et d\u2019une ingratitude \u00e0 nulle autre pareille,\u00a0 quand on sait le r\u00f4le, \u00f4 combien salvateur, que l\u2019institution sous-r\u00e9gionale a jou\u00e9 en tant que m\u00e9diatrice, dans la stabilisation de ce pays longtemps abonn\u00e9 aux coups d\u2019Etat et d\u00e9sormais familier des crises politiques \u00e0 r\u00e9p\u00e9tition.<\/p>\n<p class=\"c3\"><strong>Le pr\u00e9sident bissau-guin\u00e9en montre les signes d\u2019une personnalit\u00e9 aux abois<\/strong><\/p>\n<p class=\"c3\">C\u2019est encore la CEDEAO qui, au terme d\u2019un compromis, lui a permis de rester \u00e0 la t\u00eate de l\u2019Etat malgr\u00e9 l\u2019expiration de son mandat en juin dernier, mais avec des pouvoirs limit\u00e9s jusqu\u2019aux \u00e9lections. C\u2019est dire toute l\u2019irresponsabilit\u00e9 du pr\u00e9sident Vaz qui, non content d\u2019\u00eatre d\u00e9j\u00e0 \u00e0 l\u2019origine d\u2019une crise politique dont son pays aurait pu faire l\u2019\u00e9conomie, semble \u00e0 pr\u00e9sent pr\u00eat \u00e0 tout, y compris \u00e0 boxer en dessous de la ceinture pour parvenir \u00e0 ses fins. En v\u00e9rit\u00e9, l\u00e2ch\u00e9 par son parti et accul\u00e9 par la communaut\u00e9 internationale, le pr\u00e9sident bissau-guin\u00e9en montre \u00e0 pr\u00e9sent tous les signes d\u2019une personnalit\u00e9 aux abois. C\u2019est pourquoi il y a lieu de croire qu\u2019en recourant au naus\u00e9eux plan visant \u00e0 dresser son peuple contre l\u2019institution sous-r\u00e9gionale, <em>\u00ab\u00a0Jomav\u00a0\u00bb,<\/em> comme on l\u2019appelle, \u00a0joue son va-tout. Dans ces conditions, on ne serait pas surpris de le voir tenter des actions d\u2019\u00e9clat pour g\u00eaner et mettre le plus possible dans l\u2019embarras, la CEDEAO qui a jusque-l\u00e0 fait montre de fermet\u00e9. Surtout qu\u2019il a vu capoter son plan initial d\u2019imposer un homme-lige \u00e0 la t\u00eate de l\u2019Ex\u00e9cutif, pour se donner les meilleures chances de se succ\u00e9der \u00e0 lui-m\u00eame au palais pr\u00e9sidentiel. Mais c\u2019est dommage de voir le pr\u00e9sident Vaz faire aussi piteusement feu de tout bois, pour s\u2019accrocher \u00e0 son fauteuil. Cela n\u2019a rien d\u2019honorable.<\/p>\n<p class=\"c3\">Au contraire, en tirant autant sur la corde et en s\u2019ent\u00eatant \u00e0 prolonger \u00a0le bras de fer avec la communaut\u00e9 internationale \u00e0 quelques jours de la tenue du scrutin, il plonge le pays dans l\u2019incertitude, avec de s\u00e9rieux risques de basculement. Il oublie la Grande muette qui est toujours \u00e0 l\u2019aff\u00fbt, guettant la moindre occasion pour s\u2019inviter dans la danse. \u00a0C\u2019est pourquoi il faut saluer la sortie du Conseil de s\u00e9curit\u00e9 de l\u2019ONU qui a salu\u00e9, le 11 novembre dernier, \u00a0<em>\u00ab\u00a0l\u2019absence d\u2019interf\u00e9rence des forces de s\u00e9curit\u00e9 et de d\u00e9fense de la Guin\u00e9e-Bissau et les exhorte \u00e0 maintenir cette attitude lors du processus politique et \u00e9lectoral et au-del\u00e0\u00a0\u00bb.<\/em> D\u2019autant qu\u2019il n\u2019est pas exclu qu\u2019en d\u00e9sespoir de cause, le pr\u00e9sident Vaz tente de les avoir \u00e0 sa cause, au pr\u00e9texte de d\u00e9fendre la souverainet\u00e9 de l\u2019Etat. Or toute confrontation avec les forces arm\u00e9es bissau-guin\u00e9ennes serait d\u00e9sastreuse, si, <em>in fine<\/em>, la CEDEAO devait recourir \u00e0 la force pour briser la r\u00e9sistance du r\u00e9calcitrant pr\u00e9sident.<\/p>\n<p class=\"c3\"><strong>Alpha Cond\u00e9 est mal plac\u00e9 pour donner des le\u00e7ons de d\u00e9mocratie \u00e0 son homologue bissau-guin\u00e9en<\/strong><\/p>\n<p class=\"c3\">Cela dit, maintenant que le pr\u00e9sident Vaz a abattu toutes ses \u00a0cartes, que va faire la CEDEAO\u00a0? D\u00e9cidera-t-elle de retirer le statut de pr\u00e9sident au chef de l\u2019Etat dont le mandat a expir\u00e9 depuis juin dernier,\u00a0 ou bien ira-t-elle jusqu\u2019\u00e0 envisager l\u2019option d\u2019une intervention militaire comme ce fut le cas en 2017 contre Yahya Jammeh en Gambie\u00a0? On attend de voir. Mais, d\u2019ores et d\u00e9j\u00e0, l\u2019institution sous-r\u00e9gionale est condamn\u00e9e \u00e0 aller jusqu\u2019au bout de sa fermet\u00e9 car, si elle venait \u00e0 flancher en Guin\u00e9e-Bissau, c\u2019en serait fini pour son autorit\u00e9 dans un espace g\u00e9ographique o\u00f9 elle a su jusque-l\u00e0 se faire respecter. C\u2019est dire si la CEDEAO joue sa cr\u00e9dibilit\u00e9. C\u2019est pourquoi on veut bien croire que l\u2019obstination du pr\u00e9sident bissau-guin\u00e9en ne la fera pas d\u00e9vier de son objectif, encore moins reculer.<\/p>\n<p class=\"c3\">D\u2019autant qu\u2019elle envisage d\u2019envoyer une mission de bons offices \u00e0 Bissau, avec le pr\u00e9sident guin\u00e9en, Alpha Cond\u00e9, comme m\u00e9diateur en chef. On se rappelle que ce dernier avait jou\u00e9 un r\u00f4le d\u00e9terminant de derni\u00e8re minute dans le d\u00e9nouement de la crise post\u00e9lectorale de 2017 en Gambie, en pesant de tout son poids pour que Yahya Jammeh l\u00e2che prise. Ceci explique-t-il la raison pour laquelle la CEDEAO lui a encore renouvel\u00e9 sa confiance en l\u2019envoyant \u00e0 Bissau\u00a0? Quoi qu\u2019il en soit, Alpha Cond\u00e9 est aujourd\u2019hui mal plac\u00e9 pour donner des le\u00e7ons de d\u00e9mocratie \u00e0 son homologue bissau-guin\u00e9en\u00a0; lui qui est soup\u00e7onn\u00e9 de vouloir tordre le cou \u00e0 la Constitution de son pays pour se maintenir au pouvoir.<\/p>\n<p class=\"c3\">Et dans le contexte actuel, il faut m\u00eame craindre que ses probl\u00e8mes domestiques ne constituent un handicap \u00e0 la r\u00e9ussite d\u2019une telle mission qui devait plut\u00f4t exiger une exemplarit\u00e9 sans faille, en mati\u00e8re de leadership. Il faut aussi craindre que ce m\u00e9diateur en vienne lui-m\u00eame \u00e0 se chercher un m\u00e9diateur pour \u00e9teindre le feu qui couve en ce moment dans son pays.<\/p>\n<p class=\"c3\">En tout \u00e9tat de cause, la Guin\u00e9e-Bissau est aujourd\u2019hui \u00e0 un tournant important de son histoire qui risque de s\u2019acc\u00e9l\u00e9rer dans les prochains jours. C\u2019est pourquoi, il appartient au peuple bissau-guin\u00e9en de savoir agir dans le sens de ses int\u00e9r\u00eats et d\u2019\u00e9viter de tomber dans le pi\u00e8ge de la manipulation par un pr\u00e9sident en perte de vitesse et en qu\u00eate de l\u00e9gitimit\u00e9 pour continuer \u00e0 pr\u00e9sider aux destin\u00e9es de la Guin\u00e9e-Bissau.<\/p>\n<p class=\"c3\"><strong><em>\u00ab\u00a0Le Pays\u00a0\u00bb<\/em><\/strong><\/p>\n<p class=\"c3\"><strong>\u00a0<\/strong><\/p>\n<p>Auteur: Le Pays<br \/>\n<a href=\"http:\/\/lepays.bf\/crise-politique-en-guinee-bissauvaz-joue-son-va-tout\/\">Cliquez ici pour lire l&rsquo;article depuis sa source.<\/a><\/p>\n","protected":false},"excerpt":{"rendered":"<p>A une dizaine de jours de la pr\u00e9sidentielle du 24 novembre prochain, la situation reste tendue en Guin\u00e9e-Bissau, entre la Communaut\u00e9 \u00e9conomique des Etats de l\u2019Afrique de l\u2019Ouest (CEDEAO) et le pr\u00e9sident Jos\u00e9 Mario Vaz. En effet, apr\u00e8s la d\u00e9mission forc\u00e9e au parfum de camouflet, \u00a0de son Premier ministre, Faustino Imballi, nomm\u00e9 au forceps, une [&hellip;]<\/p>\n","protected":false},"author":1813,"featured_media":0,"comment_status":"closed","ping_status":"closed","sticky":false,"template":"","format":"standard","meta":{"fifu_image_url":"","fifu_image_alt":"","footnotes":""},"categories":[73,81],"tags":[],"class_list":["post-67402","post","type-post","status-publish","format-standard","hentry","category-actualite","category-burkina-faso"],"_links":{"self":[{"href":"https:\/\/linitiative.ca\/International\/wp-json\/wp\/v2\/posts\/67402","targetHints":{"allow":["GET"]}}],"collection":[{"href":"https:\/\/linitiative.ca\/International\/wp-json\/wp\/v2\/posts"}],"about":[{"href":"https:\/\/linitiative.ca\/International\/wp-json\/wp\/v2\/types\/post"}],"author":[{"embeddable":true,"href":"https:\/\/linitiative.ca\/International\/wp-json\/wp\/v2\/users\/1813"}],"replies":[{"embeddable":true,"href":"https:\/\/linitiative.ca\/International\/wp-json\/wp\/v2\/comments?post=67402"}],"version-history":[{"count":0,"href":"https:\/\/linitiative.ca\/International\/wp-json\/wp\/v2\/posts\/67402\/revisions"}],"wp:attachment":[{"href":"https:\/\/linitiative.ca\/International\/wp-json\/wp\/v2\/media?parent=67402"}],"wp:term":[{"taxonomy":"category","embeddable":true,"href":"https:\/\/linitiative.ca\/International\/wp-json\/wp\/v2\/categories?post=67402"},{"taxonomy":"post_tag","embeddable":true,"href":"https:\/\/linitiative.ca\/International\/wp-json\/wp\/v2\/tags?post=67402"}],"curies":[{"name":"wp","href":"https:\/\/api.w.org\/{rel}","templated":true}]}}