{"id":67403,"date":"2019-11-13T11:41:08","date_gmt":"2019-11-13T16:41:08","guid":{"rendered":"https:\/\/linitiative.ca\/International\/5e-salon-des-banques-et-pme-de-luemoa-les-promoteurs-recompenses\/"},"modified":"2019-11-13T11:41:08","modified_gmt":"2019-11-13T16:41:08","slug":"5e-salon-des-banques-et-pme-de-luemoa-les-promoteurs-recompenses","status":"publish","type":"post","link":"https:\/\/linitiative.ca\/International\/5e-salon-des-banques-et-pme-de-luemoa-les-promoteurs-recompenses\/","title":{"rendered":"5\u00e8 salon des banques et PME de l\u2019UEMOA\u00a0: Les promoteurs r\u00e9compens\u00e9s"},"content":{"rendered":"<div class=\"td-post-featured-image\"><a href=\"https:\/\/i2.wp.com\/www.sidwaya.info\/wp-content\/uploads\/2019\/11\/salon-1.jpg?fit=900%2C600&#038;ssl=1\" data-caption=\"\"><img loading=\"lazy\" decoding=\"async\" width=\"696\" height=\"464\" class=\"entry-thumb td-modal-image\" src=\"https:\/\/i2.wp.com\/www.sidwaya.info\/wp-content\/uploads\/2019\/11\/salon-1.jpg?resize=696%2C464&#038;ssl=1\" srcset=\"https:\/\/i2.wp.com\/www.sidwaya.info\/wp-content\/uploads\/2019\/11\/salon-1.jpg?w=900&#038;ssl=1 900w, https:\/\/i2.wp.com\/www.sidwaya.info\/wp-content\/uploads\/2019\/11\/salon-1.jpg?resize=300%2C200&#038;ssl=1 300w, https:\/\/i2.wp.com\/www.sidwaya.info\/wp-content\/uploads\/2019\/11\/salon-1.jpg?resize=768%2C512&#038;ssl=1 768w, https:\/\/i2.wp.com\/www.sidwaya.info\/wp-content\/uploads\/2019\/11\/salon-1.jpg?resize=696%2C464&#038;ssl=1 696w, https:\/\/i2.wp.com\/www.sidwaya.info\/wp-content\/uploads\/2019\/11\/salon-1.jpg?resize=630%2C420&#038;ssl=1 630w\" sizes=\"auto, (max-width: 696px) 100vw, 696px\" alt=\"\" title=\"salon\"\/><\/a><\/div>\n<p><strong>Les lampions de la 5\u00e8 \u00e9dition du Salon des banques et des petites et moyennes entreprises (SBPME) de l\u2019UEMOA se sont officiellement \u00e9teints le 8 novembre 2019, \u00e0 Korhogo, en R\u00e9publique de C\u00f4te-d\u2019Ivoire, au cours d\u2019une c\u00e9r\u00e9monie de r\u00e9compense des acteurs des PME, pr\u00e9sid\u00e9e par le ministre ivoirien de la promotion des PME, F\u00e9lix Anobl\u00e9.<\/strong><\/p>\n<p>Satisfaction g\u00e9n\u00e9rale. Tel est le bilan dress\u00e9 par les participants et les organisateurs de la 5\u00e8 \u00e9dition du Salon des banques et des petites et moyennes entreprises (SBPME) de l\u2019UEMOA dont la cl\u00f4ture officielles est intervenue le 8 novembre 2019, \u00e0 Korhogo, au cours d\u2019une c\u00e9r\u00e9monie pr\u00e9sid\u00e9e par le ministre\u00a0 de la promotion des PME de la R\u00e9publique C\u00f4te-d\u2019Ivoire, F\u00e9lix Anobl\u00e9, parrain et repr\u00e9sentant le premier ministre ivoirien. Cette \u00e9dition \u00e9tait plac\u00e9e sous le th\u00e8me \u00ab\u00a0<em>la PME pour un d\u00e9veloppement local dans l\u2019UEMOA<\/em>\u00a0\u00bb.<\/p>\n<p>Selon le ministre, ce salon a rempli sa mission de tribune d\u2019expression pour les PME de la sous-r\u00e9gion ouest-africaine et de diagnostic de leurs pr\u00e9occupations. \u00ab\u00a0<em>Ce salon qui c\u00e9l\u00e8bre les efforts, l\u2019excellence et le savoir-faire des tr\u00e8s petites entreprises, des petites et moyennes entreprises de notre union \u00e9conomique, a permis de d\u00e9battre des sujets importants concernant le d\u00e9veloppement des PME de la sous-r\u00e9gion\u00a0<\/em>\u00bb, a-t-il martel\u00e9.<\/p>\n<p>Pour le secr\u00e9taire permanant du salon et pr\u00e9sident du\u00a0 comit\u00e9 d\u2019organisation, Hermann Nagolo, ce rendez-vous a donn\u00e9 l\u2019occasion d\u2019admirer le savoir-faire de nos PME, la qualit\u00e9 de leurs innovations.<\/p>\n<p><strong>Le g\u00e9nie de la jeunesse d l\u2019UEMOA magnifi\u00e9<\/strong><\/p>\n<p>Dans le m\u00eame ordre d\u2019id\u00e9e, le repr\u00e9sentant du ministre du commerce, de l\u2019industrie et de l\u2019artisanat et coparrain de l\u2019\u00e9dition,\u00a0 Bernard Zougri, a exprim\u00e9 sa satisfaction et lou\u00e9 le g\u00e9nie de la jeunesse ouest-africaine. \u00ab<em>Je suis satisfait de ce salon au regard de la participation des PME et de la qualit\u00e9 des d\u00e9bats sur des th\u00e9matiques qui int\u00e9ressent les secteurs. J\u2019ai \u00e9t\u00e9 \u00e9merveill\u00e9 par les initiatives qui ont \u00e9t\u00e9 pr\u00e9sent\u00e9s et qui montrent que nos jeunes sont tr\u00e8s intelligents et tr\u00e8s entreprenants<\/em>\u00a0\u00bb, a-t-il soulign\u00e9. Et d\u2019ajouter que ces ing\u00e9nieux jeunes m\u00e9ritent l\u2019accompagnement des pouvoirs publics afin de leur permettre de mieux s\u2019exprimer.<\/p>\n<p>Ces r\u00e9sultats nourrissent la conviction des promoteurs du SBPME que par la synergie d\u2019actions, la PME peut un acteur cl\u00e9 du d\u00e9veloppement local. \u00ab<em>Nous sommes convaincus qu\u2019ensemble, nous arriverons \u00e0 poser les fondations du d\u00e9veloppement de l\u2019\u00e9conomie locale gr\u00e2ce aux PME<\/em>\u00a0\u00bb, a soutenu M. Nagalo. Mais pour y arriver le secr\u00e9tariat permanent a besoin d\u2019un souffle financier pour continuer \u00e0 p\u00e9renniser ce cadre d\u2019\u00e9changes et de d\u00e9veloppements des PME de l\u2019espace UEMOA. C\u2019est pourquoi, il en appelle \u00e0 toutes les bonnes volont\u00e9s. Et le minist\u00e8re a rendu hommage comit\u00e9 d\u2019organisation pour avoir r\u00e9ussi le pari de la tenue du 5\u00e8 SBPME malgr\u00e9 les contraintes financi\u00e8res.<\/p>\n<p><strong>Les meilleurs acteurs r\u00e9compens\u00e9s<\/strong><\/p>\n<p>Au cours de la c\u00e9r\u00e9monie ce cl\u00f4ture, des prix ont \u00e9t\u00e9 d\u00e9cern\u00e9s\u00a0 aux acteurs de la promotion des PME. Pour le prix \u00ab\u00a0<em>manager des PME<\/em>\u00a0\u00bb, cinq personnes ont \u00e9t\u00e9 distingu\u00e9es dont le \u00a0fondateur du groupe Ecoles 2IAE de la C\u00f4te-d\u2019Ivoire, S\u00e9raphin Koua. Le groupe 2IAE a \u00e9galement re\u00e7u le prix \u00ab\u00a0Carrefour des PME\u00a0\u00bb qui magnifie l\u2019attractivit\u00e9 du stand. \u00ab\u00a0<em>C\u2019est une fiert\u00e9 en tant que jeune entrepreneur de recevoir ce prix. Je f\u00e9licite les organisateurs qui \u0153uvrent chaque pour que les PME nous dirigeons puissent \u00e9merger, car l\u2019\u00e9mergence de nos pays viendra de ces entreprises qui cr\u00e9eront des emplois, de la valeur ajout\u00e9e<\/em>\u00a0\u00bb, s\u2019est r\u00e9joui le double laur\u00e9at. Le prix \u00ab\u00a0Idrissa Nassa pour l\u2019innovation\u00a0\u00bb est all\u00e9 \u00e0 Tenin Nana Kouyat\u00e9 de la statr-up Lenali d Mali pour projet Agribox. Quant au prix sp\u00e9cial de l\u2019innovation zone UEMOA du Grouepe Savane M\u00e9dias, il est revenu au projet <em>Ibon<\/em> de CERCO C\u00f4te-d\u2019Ivoire. L\u2019Agence de promotion et de financement des PME (AFP\/PME) du Burkina Faso \u00a0a \u00e9t\u00e9 honor\u00e9e par le prix \u00ab\u00a0<em>manager d\u2019institution de financement des PME<\/em>\u00a0\u00bb qui a \u00e9t\u00e9 d\u00e9cern\u00e9 \u00e0 son directeur g\u00e9n\u00e9ral, Honor\u00e9 Kietyeta. Des troph\u00e9es d\u2019honneur ont \u00e9t\u00e9 d\u00e9cern\u00e9s aux chefs du gouvernements ivoirien et burkinab\u00e8, ainsi aux ministres en charge des PME des deux pays.<\/p>\n<p>Le pr\u00e9sident Nagalo a traduit sa gratitude au gouvernement ivoirien, au maire de Korhogo ainsi qu\u2019aux autorit\u00e9s coutumi\u00e8res de ladite ville et gr\u00e2ce \u00e0 qui \u00ab\u00a0<em>les m\u00e2nes des anc\u00eatres ont permis la tenue du salon dans les meilleures conditions<\/em>\u00a0\u00bb. Il a \u00e9galement eu, au cours de la c\u00e9r\u00e9monie, une pens\u00e9e pieuse pour le Burkina Faso qui subi une attaque terroriste la plus meurtri\u00e8re le 6 novembre 2019 une attaque terroriste dans sa partie Est.<\/p>\n<p>Le 5\u00e8 salon des banques et des PME a v\u00e9cu, vive la 6\u00e8 \u00e9dition qui se tiendra du 5 au 8 nombre 2020, dans un pays de l\u2019UEMOA.<\/p>\n<p><strong>Mahamadi SEBOGO<\/strong><\/p>\n<p><strong><a href=\"mailto:windmad76@gmail.com\">windmad76@gmail.com<\/a><\/strong><\/p>\n<p><strong>(Depuis Korhogo, RCI)<\/strong><\/p>\n<div class=\"td-a-rec td-a-rec-id-content_bottom tdi_30_549 td_block_template_1\"><img loading=\"lazy\" decoding=\"async\" class=\"aligncenter size-full wp-image-9623\" src=\"https:\/\/www.sidwaya.info\/wp-content\/uploads\/2019\/06\/Projet-bannie%CC%80re-Orange-mobile.jpg\" alt=\"\" width=\"728\" height=\"81\"\/><\/div>\n<p>Auteur: Wamini SIDWAYA<br \/>\n<a href=\"https:\/\/www.sidwaya.info\/blog\/2019\/11\/13\/5e-salon-des-banques-et-pme-de-luemoa-les-promoteurs-recompenses\/\">Cliquez ici pour lire l&rsquo;article depuis sa source.<\/a><\/p>\n","protected":false},"excerpt":{"rendered":"<p>Les lampions de la 5\u00e8 \u00e9dition du Salon des banques et des petites et moyennes entreprises (SBPME) de l\u2019UEMOA se sont officiellement \u00e9teints le 8 novembre 2019, \u00e0 Korhogo, en R\u00e9publique de C\u00f4te-d\u2019Ivoire, au cours d\u2019une c\u00e9r\u00e9monie de r\u00e9compense des acteurs des PME, pr\u00e9sid\u00e9e par le ministre ivoirien de la promotion des PME, F\u00e9lix Anobl\u00e9. [&hellip;]<\/p>\n","protected":false},"author":1816,"featured_media":0,"comment_status":"closed","ping_status":"closed","sticky":false,"template":"","format":"standard","meta":{"fifu_image_url":"","fifu_image_alt":"","footnotes":""},"categories":[73,81],"tags":[],"class_list":["post-67403","post","type-post","status-publish","format-standard","hentry","category-actualite","category-burkina-faso"],"_links":{"self":[{"href":"https:\/\/linitiative.ca\/International\/wp-json\/wp\/v2\/posts\/67403","targetHints":{"allow":["GET"]}}],"collection":[{"href":"https:\/\/linitiative.ca\/International\/wp-json\/wp\/v2\/posts"}],"about":[{"href":"https:\/\/linitiative.ca\/International\/wp-json\/wp\/v2\/types\/post"}],"author":[{"embeddable":true,"href":"https:\/\/linitiative.ca\/International\/wp-json\/wp\/v2\/users\/1816"}],"replies":[{"embeddable":true,"href":"https:\/\/linitiative.ca\/International\/wp-json\/wp\/v2\/comments?post=67403"}],"version-history":[{"count":0,"href":"https:\/\/linitiative.ca\/International\/wp-json\/wp\/v2\/posts\/67403\/revisions"}],"wp:attachment":[{"href":"https:\/\/linitiative.ca\/International\/wp-json\/wp\/v2\/media?parent=67403"}],"wp:term":[{"taxonomy":"category","embeddable":true,"href":"https:\/\/linitiative.ca\/International\/wp-json\/wp\/v2\/categories?post=67403"},{"taxonomy":"post_tag","embeddable":true,"href":"https:\/\/linitiative.ca\/International\/wp-json\/wp\/v2\/tags?post=67403"}],"curies":[{"name":"wp","href":"https:\/\/api.w.org\/{rel}","templated":true}]}}