{"id":67407,"date":"2019-11-13T16:18:03","date_gmt":"2019-11-13T21:18:03","guid":{"rendered":"https:\/\/linitiative.ca\/International\/les-droits-de-lenfance-sinvitent-a-marrakech\/"},"modified":"2019-11-13T16:18:03","modified_gmt":"2019-11-13T21:18:03","slug":"les-droits-de-lenfance-sinvitent-a-marrakech","status":"publish","type":"post","link":"https:\/\/linitiative.ca\/International\/les-droits-de-lenfance-sinvitent-a-marrakech\/","title":{"rendered":"Les droits de l\u2019enfance s\u2019invitent \u00e0 Marrakech"},"content":{"rendered":"<div readability=\"32\">\n<p>Publi\u00e9 le 13.11.2019 \u00e0 22h18 par APA News<\/p>\n<\/div>\n<div readability=\"89\">\n<p>La 16\u00e8me \u00e9dition du Congr\u00e8s national des droits de l\u2019enfant se tiendra du 20 au 23 novembre \u00e0 Marrakech, \u00e0 l\u2019initiative de l\u2019Observatoire national des droits de l\u2019enfant (ONDE).Cette \u00e9dition, qui sera pr\u00e9sid\u00e9e la Princesse Lalla Meryem, c\u00e9l\u00e9brera les 30 ans de la Convention internationale des droits de l\u2019enfant (CIDE), et sera l\u2019occasion de dresser le bilan de la situation de l\u2019enfance depuis la ratification de la CIDE par le Maroc et de mobiliser les forces vives du Royaume pour mettre l\u2019enfant au centre du nouveau mod\u00e8le de d\u00e9veloppement, indique l\u2019ONDE dans un communiqu\u00e9 parvenu mercredi \u00e0 APA.<\/p>\n<p>Le Congr\u00e8s national des droits de l\u2019enfant, dans une d\u00e9marche \u00e0 la fois r\u00e9trospective et prospective, constitue cette ann\u00e9e un \u00e9v\u00e8nement d\u2019envergure nationale et internationale auquel se joindront plus de 3.000 participants, parmi lesquels les membres de l\u2019Ex\u00e9cutif, des responsables publics, des personnalit\u00e9s onusiennes, des repr\u00e9sentants de la soci\u00e9t\u00e9 civile et du secteur priv\u00e9 et les enfants eux-m\u00eames, notamment les enfants parlementaires qui c\u00e9l\u00e9breront, dans ce cadre, les 20 ans du Parlement de l\u2019enfant.<\/p>\n<p>De port\u00e9e internationale, cet \u00e9v\u00e9nement se veut un plaidoyer en faveur de l\u2019enfant et s\u2019inscrit dans le cadre d\u2019une nouvelle dynamique insuffl\u00e9e par l\u2019ONDE, pour catalyser les actions futures des hauts responsables et des experts de la question de l\u2019enfance au niveau national et africain, ajoute le texte du communiqu\u00e9.<\/p>\n<p>L\u2019objectif final sera d\u2019\u00e9riger l\u2019enfant en priorit\u00e9 nationale en engageant les parties prenantes \u00e0 adopter une nouvelle approche qui devra d\u00e9sormais \u00eatre ax\u00e9e sur les r\u00e9sultats avec pour finalit\u00e9 de faire de l\u2019enfant, premi\u00e8re richesse du pays et du continent, un levier de d\u00e9veloppement.<\/p>\n<p>Les conclusions et engagements qui seront pris \u00e0 Marrakech constitueront une nouvelle feuille de route int\u00e9gr\u00e9e, permettant ainsi au Maroc d\u2019optimiser son potentiel humain, v\u00e9ritable richesse immat\u00e9rielle qui accompagne la r\u00e9alisation de ses ambitions \u00e9conomiques, politiques, sociales et culturelles, souligne l\u2019ONDE.<\/p>\n<p>Cr\u00e9\u00e9 par Feu le Roi Hassan II en 1995, au lendemain de la ratification par le Royaume de la CIDE, en 1993, l\u2019ONDE est une institution ind\u00e9pendante charg\u00e9e d\u2019assurer le suivi de la mise en \u0153uvre de l\u2019application de la CIDE, notamment par le suivi et la veille de fa\u00e7on continue de la situation de l\u2019enfant, l\u2019ONDE a \u00e9galement pour mission d\u2019initier et de f\u00e9d\u00e9rer des actions d\u00e9monstratives promotionnelles des droits de l\u2019enfant.<\/p>\n<\/div>\n<p>Auteur: APA News<br \/>\n<a href=\"https:\/\/www.journalducameroun.com\/les-droits-de-lenfance-sinvitent-a-marrakech\/\">Cliquez ici pour lire l&rsquo;article depuis sa source.<\/a><\/p>\n","protected":false},"excerpt":{"rendered":"<p>Publi\u00e9 le 13.11.2019 \u00e0 22h18 par APA News La 16\u00e8me \u00e9dition du Congr\u00e8s national des droits de l\u2019enfant se tiendra du 20 au 23 novembre \u00e0 Marrakech, \u00e0 l\u2019initiative de l\u2019Observatoire national des droits de l\u2019enfant (ONDE).Cette \u00e9dition, qui sera pr\u00e9sid\u00e9e la Princesse Lalla Meryem, c\u00e9l\u00e9brera les 30 ans de la Convention internationale des droits [&hellip;]<\/p>\n","protected":false},"author":1965,"featured_media":0,"comment_status":"closed","ping_status":"closed","sticky":false,"template":"","format":"standard","meta":{"fifu_image_url":"","fifu_image_alt":"","footnotes":""},"categories":[73,82],"tags":[],"class_list":["post-67407","post","type-post","status-publish","format-standard","hentry","category-actualite","category-cameroun"],"_links":{"self":[{"href":"https:\/\/linitiative.ca\/International\/wp-json\/wp\/v2\/posts\/67407","targetHints":{"allow":["GET"]}}],"collection":[{"href":"https:\/\/linitiative.ca\/International\/wp-json\/wp\/v2\/posts"}],"about":[{"href":"https:\/\/linitiative.ca\/International\/wp-json\/wp\/v2\/types\/post"}],"author":[{"embeddable":true,"href":"https:\/\/linitiative.ca\/International\/wp-json\/wp\/v2\/users\/1965"}],"replies":[{"embeddable":true,"href":"https:\/\/linitiative.ca\/International\/wp-json\/wp\/v2\/comments?post=67407"}],"version-history":[{"count":0,"href":"https:\/\/linitiative.ca\/International\/wp-json\/wp\/v2\/posts\/67407\/revisions"}],"wp:attachment":[{"href":"https:\/\/linitiative.ca\/International\/wp-json\/wp\/v2\/media?parent=67407"}],"wp:term":[{"taxonomy":"category","embeddable":true,"href":"https:\/\/linitiative.ca\/International\/wp-json\/wp\/v2\/categories?post=67407"},{"taxonomy":"post_tag","embeddable":true,"href":"https:\/\/linitiative.ca\/International\/wp-json\/wp\/v2\/tags?post=67407"}],"curies":[{"name":"wp","href":"https:\/\/api.w.org\/{rel}","templated":true}]}}