{"id":67408,"date":"2019-11-13T16:50:02","date_gmt":"2019-11-13T21:50:02","guid":{"rendered":"https:\/\/linitiative.ca\/International\/tunisie-le-chef-dennahdha-ghannouchi-elu-president-dun-parlement-morcele\/"},"modified":"2019-11-13T16:50:02","modified_gmt":"2019-11-13T21:50:02","slug":"tunisie-le-chef-dennahdha-ghannouchi-elu-president-dun-parlement-morcele","status":"publish","type":"post","link":"https:\/\/linitiative.ca\/International\/tunisie-le-chef-dennahdha-ghannouchi-elu-president-dun-parlement-morcele\/","title":{"rendered":"Tunisie: le chef d\u2019Ennahdha Ghannouchi \u00e9lu pr\u00e9sident d\u2019un Parlement morcel\u00e9"},"content":{"rendered":"<p>Rached Ghannouchi, chef historique du parti d\u2019inspiration islamiste Ennahdha arriv\u00e9 en t\u00eate des l\u00e9gislatives en Tunisie, a \u00e9t\u00e9 \u00e9lu mercredi pr\u00e9sident du Parlement, institution clef de la jeune d\u00e9mocratie, avec l\u2019appui du parti de l\u2019homme d\u2019affaires controvers\u00e9 Nabil Karoui.<\/p>\n<p>Il s\u2019agit de la premi\u00e8re fonction dans les hautes sph\u00e8res de l\u2019Etat de cet ancien opposant islamiste, qui avait brigu\u00e9 son premier mandat lors des l\u00e9gislatives du 6 octobre.<\/p>\n<p>Cette \u00e9lection intervient au moment o\u00f9 Ennahdha se pr\u00e9pare \u00e0 annoncer, d\u2019ici vendredi, le nom de la personnalit\u00e9 choisie pour former un ex\u00e9cutif.<\/p>\n<p>M. Ghannouchi, 78 ans, a \u00e9t\u00e9 \u00e9lu \u00e0 la pr\u00e9sidence de l\u2019Assembl\u00e9e d\u00e8s le premier tour \u00e0 la majorit\u00e9 absolue, avec 123 voix sur 217, apr\u00e8s un accord avec le parti lib\u00e9ral Qalb Tounes, de Nabil Karoui, selon plusieurs sources.<\/p>\n<p>La vice pr\u00e9sidence de l\u2019Assembl\u00e9e a d\u2019ailleurs \u00e9chu \u00e0 une d\u00e9put\u00e9 de Qalb Tounes, Samira Chaouachi, \u00e9lue \u00e9galement au premier tour avec 109 voix.<\/p>\n<p>\u2013 \u00ab\u00a0Compromis\u00a0\u00bb \u2013<\/p>\n<p>\u00ab\u00a0Au niveau de la pr\u00e9sidence du Parlement, il y a eu un compromis entre nous et Ennahdha\u00a0\u00bb, a-t-elle d\u00e9clar\u00e9 \u00e0 l\u2019AFP. \u00ab\u00a0On a estim\u00e9 normal qu\u2019Ennahdha demande la pr\u00e9sidence car elle est premi\u00e8re, et nous avons le droit d\u2019avoir la vice-pr\u00e9sidence car nous sommes arriv\u00e9s deuxi\u00e8mes\u00a0\u00bb aux l\u00e9gislatives d\u2019octobre, a-t-elle ajout\u00e9.<\/p>\n<p>C\u2019est un compromis \u00ab\u00a0pour l\u2019int\u00e9r\u00eat de la Tunisie\u00a0\u00bb, a assur\u00e9 un autre d\u00e9put\u00e9 de Qalb Tounes, Oussama Khlifi, sans pr\u00e9ciser si des accords ont aussi \u00e9t\u00e9 pass\u00e9s sur la composition du prochain gouvernement.<\/p>\n<p>M. Karoui, vaincu \u00e0 la pr\u00e9sidentielle le 13 octobre par Kais Saied, un universitaire sans parti, avait pourtant tent\u00e9 de se poser en rempart contre l\u2019islamisme durant la campagne, et son parti avait exclu avec v\u00e9h\u00e9mence une telle alliance.<\/p>\n<p>Poursuivi pour blanchiment et fraude fiscale, M. Karoui a accus\u00e9 Ennahdha d\u2019avoir en outre maniganc\u00e9 pour le faire incarc\u00e9rer cet \u00e9t\u00e9.<\/p>\n<p>Le parti d\u2019inspiration islamiste s\u2019est pr\u00e9sent\u00e9 lui comme le fer de lance des id\u00e9aux de la r\u00e9volution de 2011, en promettant de rompre avec le pass\u00e9 notamment incarn\u00e9 selon le parti par M. Karoui.<\/p>\n<p>Mais avec seulement un quart des si\u00e8ges dans un Parlement morcel\u00e9, Ennahdha doit faire d\u2019importantes concessions pour arriver \u00e0 ses fins.<\/p>\n<p>Cette alliance de derni\u00e8re minute rappelle le \u00ab\u00a0consensus\u00a0\u00bb mis en place apr\u00e8s les l\u00e9gislatives de 2014 entre le parti vainqueur, Nidaa Tounes, et Ennahdha, mais les deux formations s\u2019\u00e9taient alli\u00e9es de fa\u00e7on plus organis\u00e9e et disposaient alors d\u2019une tr\u00e8s confortable majorit\u00e9.<\/p>\n<p>A eux deux, Qalb Tounes, qui comprend de nombreux anciens de Nidaa Tounes, et Ennahdha, ne rassemblent que 90 si\u00e8ges sur 217, loin de la majorit\u00e9 absolue requise pour valider un gouvernement.<\/p>\n<p>Ennahdha, qui a essuy\u00e9 le refus de plusieurs formations cl\u00e9s invit\u00e9es \u00e0 rejoindre une coalition gouvernementale sous sa houlette, poursuit ses n\u00e9gociations.<\/p>\n<p>\u00ab\u00a0C\u2019est possible que le chef du gouvernement soit issu du premier rang d\u2019Ennahdha, (ou) du 10e rang d\u2019Ennahdha (ou) des amis d\u2019Ennahdha\u00a0\u00bb, a assur\u00e9 M. Ghannouchi \u00e0 la presse mercredi. \u00ab\u00a0Mais il ne va pas \u00eatre en dehors de ce cercle\u00a0\u00bb.<\/p>\n<p>Si une personnalit\u00e9 ext\u00e9rieure au parti a plus de chance de rassembler les voix n\u00e9cessaires, un tel choix risque d\u2019\u00eatre mal compris par les militants Ennahdha, ce qui pourrait peser lourd sur l\u2019avenir du parti lors du prochain congr\u00e8s en 2020.<\/p>\n<p>\u2013 \u00ab\u00a0Retour \u00e0 l\u2019identique?\u00a0\u00bb \u2013<\/p>\n<p>Cons\u00e9quence d\u2019un vote sanction visant les dirigeants sortants, M. Ghannouchi va pr\u00e9sider une Assembl\u00e9e compos\u00e9e aux trois quarts de d\u00e9put\u00e9s novices, n\u2019ayant jamais si\u00e9g\u00e9 au Parlement, souligne l\u2019ONG Al Bawsala, observatoire de la vie publique tunisienne.<\/p>\n<p>\u00ab\u00a0C\u2019est l\u2019expression d\u2019une forte volont\u00e9 de renouvellement, tout comme \u00e0 la pr\u00e9sidentielle\u00a0\u00bb, avec l\u2019\u00e9lection du n\u00e9ophyte Kais Saied, souligne Lamine Benghazi, qui suit les travaux du Parlement pour Al Bawsala.<\/p>\n<p>\u00ab\u00a0Il est trop t\u00f4t pour dire si cela se traduira par des politiques novatrices\u00a0\u00bb, ajoute-t-il.<\/p>\n<p>Si la majorit\u00e9 gouvernementale \u00ab\u00a0est constitu\u00e9e par une alliance entre Ennahdha et d\u2019anciens membres de Nidaa Tounes, comme pour l\u2019\u00e9lection de mercredi, \u00ab\u00a0on se retrouve dans une sorte de retour \u00e0 l\u2019identique (\u2026) avec le risque d\u2019accro\u00eetre le d\u00e9senchantement\u00a0\u00bb des \u00e9lecteurs, selon M. Benghazi.<\/p>\n<p>Le Parlement devra s\u2019atteler tr\u00e8s rapidement au vote du budget.<\/p>\n<p>L\u2019ONG Human Right Watch l\u2019a appel\u00e9 \u00e0 enfin mettre en place une Cour constitutionnelle, essentielle pour parachever la d\u00e9mocratie du seul pays \u00e0 continuer sa transition parmi ceux touch\u00e9s par les soul\u00e8vements arabes en 2011.<\/p>\n<p>Auteur: AFP<br \/>\n<a href=\"https:\/\/www.journalducameroun.com\/tunisie-le-chef-dennahdha-ghannouchi-elu-president-dun-parlement-morcele\/\">Cliquez ici pour lire l&rsquo;article depuis sa source.<\/a><\/p>\n","protected":false},"excerpt":{"rendered":"<p>Rached Ghannouchi, chef historique du parti d\u2019inspiration islamiste Ennahdha arriv\u00e9 en t\u00eate des l\u00e9gislatives en Tunisie, a \u00e9t\u00e9 \u00e9lu mercredi pr\u00e9sident du Parlement, institution clef de la jeune d\u00e9mocratie, avec l\u2019appui du parti de l\u2019homme d\u2019affaires controvers\u00e9 Nabil Karoui. Il s\u2019agit de la premi\u00e8re fonction dans les hautes sph\u00e8res de l\u2019Etat de cet ancien opposant [&hellip;]<\/p>\n","protected":false},"author":1965,"featured_media":0,"comment_status":"closed","ping_status":"closed","sticky":false,"template":"","format":"standard","meta":{"fifu_image_url":"","fifu_image_alt":"","footnotes":""},"categories":[73,82],"tags":[],"class_list":["post-67408","post","type-post","status-publish","format-standard","hentry","category-actualite","category-cameroun"],"_links":{"self":[{"href":"https:\/\/linitiative.ca\/International\/wp-json\/wp\/v2\/posts\/67408","targetHints":{"allow":["GET"]}}],"collection":[{"href":"https:\/\/linitiative.ca\/International\/wp-json\/wp\/v2\/posts"}],"about":[{"href":"https:\/\/linitiative.ca\/International\/wp-json\/wp\/v2\/types\/post"}],"author":[{"embeddable":true,"href":"https:\/\/linitiative.ca\/International\/wp-json\/wp\/v2\/users\/1965"}],"replies":[{"embeddable":true,"href":"https:\/\/linitiative.ca\/International\/wp-json\/wp\/v2\/comments?post=67408"}],"version-history":[{"count":0,"href":"https:\/\/linitiative.ca\/International\/wp-json\/wp\/v2\/posts\/67408\/revisions"}],"wp:attachment":[{"href":"https:\/\/linitiative.ca\/International\/wp-json\/wp\/v2\/media?parent=67408"}],"wp:term":[{"taxonomy":"category","embeddable":true,"href":"https:\/\/linitiative.ca\/International\/wp-json\/wp\/v2\/categories?post=67408"},{"taxonomy":"post_tag","embeddable":true,"href":"https:\/\/linitiative.ca\/International\/wp-json\/wp\/v2\/tags?post=67408"}],"curies":[{"name":"wp","href":"https:\/\/api.w.org\/{rel}","templated":true}]}}