{"id":67409,"date":"2019-11-13T16:50:05","date_gmt":"2019-11-13T21:50:05","guid":{"rendered":"https:\/\/linitiative.ca\/International\/senegal-affirmations-et-dementi-autour-de-la-sante-dhissene-habre\/"},"modified":"2019-11-13T16:50:05","modified_gmt":"2019-11-13T21:50:05","slug":"senegal-affirmations-et-dementi-autour-de-la-sante-dhissene-habre","status":"publish","type":"post","link":"https:\/\/linitiative.ca\/International\/senegal-affirmations-et-dementi-autour-de-la-sante-dhissene-habre\/","title":{"rendered":"S\u00e9n\u00e9gal: affirmations et d\u00e9menti autour de la sant\u00e9 d\u2019Hiss\u00e8ne Habr\u00e9"},"content":{"rendered":"<div readability=\"32\">\n<p>Publi\u00e9 le 13.11.2019 \u00e0 22h50 par AFP<\/p>\n<\/div>\n<div readability=\"98\">\n<p>L\u2019administration p\u00e9nitentiaire s\u00e9n\u00e9galaise a assur\u00e9 mercredi que l\u2019ancien pr\u00e9sident tchadien Hiss\u00e8ne Habr\u00e9, emprisonn\u00e9 \u00e0 Dakar pour crimes contre l\u2019humanit\u00e9, se portait bien et qu\u2019elle veillait \u00e0 sa sant\u00e9, contrairement \u00e0 ce que dit sa famille.<\/p>\n<p>Le sort de Hiss\u00e8ne Habr\u00e9, 77 ans, \u00e0 la t\u00eate du Tchad de 1982 \u00e0 1990, est revenu dans l\u2019actualit\u00e9 avec un article du quotidien s\u00e9n\u00e9galais Vox Populi faisant \u00e9tat d\u2019inqui\u00e9tudes pour son \u00e9tat de sant\u00e9, \u00ab\u00a0d\u00e9sormais incompatible avec la d\u00e9tention selon ses m\u00e9decins\u00a0\u00bb.<\/p>\n<p>\u00ab\u00a0L\u2019\u00e9tat de sant\u00e9 du pr\u00e9sident Habr\u00e9 est en constante d\u00e9gradation depuis le d\u00e9but de l\u2019ann\u00e9e\u00a0\u00bb, a ensuite appuy\u00e9 son \u00e9pouse Fatime Raymonne Habr\u00e9 dans un communiqu\u00e9.<\/p>\n<p>Aucun m\u00e9decin de l\u2019administration ne lui a rendu visite depuis juin 2015, laissant \u00e0 sa famille le soin de sa sant\u00e9 et de lui faire consulter des praticiens, ajoute-t-elle.<\/p>\n<p>\u00ab\u00a0Hiss\u00e8ne Habr\u00e9 n\u2019est pas alit\u00e9 et se porte bien\u00a0\u00bb, a r\u00e9pondu l\u2019administration p\u00e9nitentiaire dans un communiqu\u00e9. Elle ajoute prendre \u00ab\u00a0toutes les dispositions idoines pour veiller \u00e0 l\u2019\u00e9tat de sant\u00e9 de toute personne incarc\u00e9r\u00e9e\u00a0\u00bb.<\/p>\n<p>Hiss\u00e8ne Habr\u00e9 a \u00e9t\u00e9 condamn\u00e9 le 30 mai 2016 \u00e0 la prison \u00e0 vie \u00e0 l\u2019issue d\u2019un proc\u00e8s sans pr\u00e9c\u00e9dent \u00e0 Dakar, apr\u00e8s avoir \u00e9t\u00e9 d\u00e9clar\u00e9 coupable de crimes contre l\u2019humanit\u00e9, viols, ex\u00e9cutions, esclavage et enl\u00e8vement. Une commission d\u2019enqu\u00eate tchadienne a chiffr\u00e9 \u00e0 40.000 morts le nombre des victimes de la r\u00e9pression sous le r\u00e9gime Habr\u00e9.<\/p>\n<p>Hiss\u00e8ne Habr\u00e9, renvers\u00e9 en 1990, avait trouv\u00e9 refuge au S\u00e9n\u00e9gal, o\u00f9, sous la pression internationale, les conditions de son proc\u00e8s avaient \u00e9t\u00e9 cr\u00e9\u00e9es et o\u00f9 il avait \u00e9t\u00e9 arr\u00eat\u00e9 en 2013 et inculp\u00e9 par un tribunal sp\u00e9cial instaur\u00e9 en coop\u00e9ration avec l\u2019Union africaine.<\/p>\n<p>L\u2019Association des victimes des crimes du r\u00e9gime de Habr\u00e9 (AVCRHH) a estim\u00e9 qu\u2019Hiss\u00e8ne Habr\u00e9 avait le droit d\u2019\u00eatre soign\u00e9, \u00ab\u00a0s\u2019il est vraiment malade\u00a0\u00bb. Mais elle soup\u00e7onne une \u00ab\u00a0ruse\u00a0\u00bb comme celles employ\u00e9es \u00e0 l\u2019\u00e9poque selon elle pour tenter d\u2019\u00e9chapper \u00e0 son proc\u00e8s, cette fois pour obtenir la gr\u00e2ce.<\/p>\n<p>Dans un communiqu\u00e9, elle s\u2019\u00e9meut qu\u2019Hiss\u00e8ne Habr\u00e9 n\u2019ait \u00ab\u00a0toujours pas vers\u00e9 un seul centime aux victimes\u00a0\u00bb, sur les 82 milliards de francs CFA (125 millions EUR) auxquels il a \u00e9t\u00e9 condamn\u00e9 selon elle.<\/p>\n<p>L\u2019AVCRHH l\u2019accuse d\u2019avoir fui le Tchad en emportant des milliards. \u00ab\u00a0O\u00f9 est pass\u00e9 tout cet argent ? Les victimes le verront-elles un jour ?\u00a0\u00bb, demande-t-elle, alors que certaines sont d\u00e9j\u00e0 d\u00e9c\u00e9d\u00e9es.<\/p>\n<p>L\u2019AVCRHH dit repr\u00e9senter des milliers de victimes.<\/p>\n<\/div>\n<p>Auteur: AFP<br \/>\n<a href=\"https:\/\/www.journalducameroun.com\/senegal-affirmations-et-dementi-autour-de-la-sante-dhissene-habre\/\">Cliquez ici pour lire l&rsquo;article depuis sa source.<\/a><\/p>\n","protected":false},"excerpt":{"rendered":"<p>Publi\u00e9 le 13.11.2019 \u00e0 22h50 par AFP L\u2019administration p\u00e9nitentiaire s\u00e9n\u00e9galaise a assur\u00e9 mercredi que l\u2019ancien pr\u00e9sident tchadien Hiss\u00e8ne Habr\u00e9, emprisonn\u00e9 \u00e0 Dakar pour crimes contre l\u2019humanit\u00e9, se portait bien et qu\u2019elle veillait \u00e0 sa sant\u00e9, contrairement \u00e0 ce que dit sa famille. Le sort de Hiss\u00e8ne Habr\u00e9, 77 ans, \u00e0 la t\u00eate du Tchad de [&hellip;]<\/p>\n","protected":false},"author":1965,"featured_media":0,"comment_status":"closed","ping_status":"closed","sticky":false,"template":"","format":"standard","meta":{"fifu_image_url":"","fifu_image_alt":"","footnotes":""},"categories":[73,82],"tags":[],"class_list":["post-67409","post","type-post","status-publish","format-standard","hentry","category-actualite","category-cameroun"],"_links":{"self":[{"href":"https:\/\/linitiative.ca\/International\/wp-json\/wp\/v2\/posts\/67409","targetHints":{"allow":["GET"]}}],"collection":[{"href":"https:\/\/linitiative.ca\/International\/wp-json\/wp\/v2\/posts"}],"about":[{"href":"https:\/\/linitiative.ca\/International\/wp-json\/wp\/v2\/types\/post"}],"author":[{"embeddable":true,"href":"https:\/\/linitiative.ca\/International\/wp-json\/wp\/v2\/users\/1965"}],"replies":[{"embeddable":true,"href":"https:\/\/linitiative.ca\/International\/wp-json\/wp\/v2\/comments?post=67409"}],"version-history":[{"count":0,"href":"https:\/\/linitiative.ca\/International\/wp-json\/wp\/v2\/posts\/67409\/revisions"}],"wp:attachment":[{"href":"https:\/\/linitiative.ca\/International\/wp-json\/wp\/v2\/media?parent=67409"}],"wp:term":[{"taxonomy":"category","embeddable":true,"href":"https:\/\/linitiative.ca\/International\/wp-json\/wp\/v2\/categories?post=67409"},{"taxonomy":"post_tag","embeddable":true,"href":"https:\/\/linitiative.ca\/International\/wp-json\/wp\/v2\/tags?post=67409"}],"curies":[{"name":"wp","href":"https:\/\/api.w.org\/{rel}","templated":true}]}}