{"id":67411,"date":"2019-11-13T09:50:57","date_gmt":"2019-11-13T14:50:57","guid":{"rendered":"https:\/\/linitiative.ca\/International\/kekaa-wongan-nouvelle-marque-de-chocolat-sur-le-marche-camerounais\/"},"modified":"2019-11-13T09:50:57","modified_gmt":"2019-11-13T14:50:57","slug":"kekaa-wongan-nouvelle-marque-de-chocolat-sur-le-marche-camerounais","status":"publish","type":"post","link":"https:\/\/linitiative.ca\/International\/kekaa-wongan-nouvelle-marque-de-chocolat-sur-le-marche-camerounais\/","title":{"rendered":"\u00ab Kekaa Wongan \u00bb, nouvelle marque de chocolat sur le march\u00e9 camerounais"},"content":{"rendered":"<p><em><strong>\u00ab\u00a0Kekaa wongan<\/strong>\u00a0\u00bb<\/em> signifie \u00ab\u00a0notre cacao\u00a0\u00bb en langue Bulu. C\u2019est la nouvelle marque de chocolat en voie de commercialisation au Cameroun. Le produit a \u00e9t\u00e9 pr\u00e9sent\u00e9 \u00e0 <strong>Luc Magloire Mbarga Atangana,<\/strong> ministre du Commerce il y a plusieurs jours. C\u2019\u00e9tait au cours d\u2019une audience accord\u00e9e \u00e0 <strong>Dirk de Fauw<\/strong>, maire de la ville de Bruges en Belgique.\u00a0 L\u2019\u00e9chantillon remis au membre du gouvernement pr\u00e9cise qu\u2019il s\u2019agit d\u2019un chocolat noir conditionn\u00e9 dans des emballages jaune-ocre de 115 grammes.\u00a0 Au c\u0153ur des \u00e9changes, le projet de Commerce \u00e9quitable qui lie les Communes de Bruges et Ebolowa (r\u00e9gion du Sud du Cameroun), dont l\u2019objectif est d\u2019accompagner les cacaoculteurs de la ville en particulier et de toute la R\u00e9gion du Sud en g\u00e9n\u00e9ral.<\/p>\n<p>Rien n\u2019a filtr\u00e9 sur le prix de cette nouvelle marque, mais apprend-on, le projet a d\u00e9marr\u00e9 en avril 2015 \u00e0 Ebolowa, fruit de la coop\u00e9ration entre le Coll\u00e8ge r\u00e9gional d\u2019agriculture d\u2019Ebolowa et le lyc\u00e9e fran\u00e7ais Nantes Terre Atlantique. Un soir d\u2019orage, \u00e9clair\u00e9 \u00e0 a bougie, \u00e9tudiants, chercheurs, associations, agriculteurs, collectivit\u00e9s territoriales, financeurs des deux pays \u00e9taient invit\u00e9s \u00e0 Bityli. Objet des \u00e9changes, la cr\u00e9ation d\u2019un atelier p\u00e9dagogique, pour transformer le cacao en chocolat. Depuis le projet initial de jumelage entre les deux \u00e9tablissements, jusqu\u2019\u00e0 la fili\u00e8re de commerce \u00e9quitable, en passant par la construction concr\u00e8te, du futur atelier p\u00e9dagogique, au coll\u00e8ge camerounais, des heures de r\u00e9flexions et de discussions ont permis de renforcer la solidit\u00e9 du partenariat.<\/p>\n<p><strong>Antoine Mbida,<\/strong> directeur du coll\u00e8ge r\u00e9gional d\u2019Agriculture d\u2019Ebolowa, se r\u00e9jouit de la concr\u00e9tisation du projet. <em>\u00ab Hier nous parlions encore de projet. Mais aujourd\u2019hui nous avons gr\u00e2ce la coop\u00e9ration franco-camerounaise notre premier chocolat. Je voudrais dire que c\u2019est un tr\u00e8s grand plaisir pour nous d\u2019\u00eatre pr\u00e9curseur de ce genre de projet\u00a0\u00bb<\/em>, pr\u00e9cise-t-il. Abondant dans le m\u00eame sens, <strong>Pierre Blaise Ango,<\/strong> Coordonnateur national du programme C2D\/AFOP est que <em>\u00ab c\u2019est un projet tr\u00e8s op\u00e9rationnel de production de richesse et de cr\u00e9ation d\u2019emplois dans le cadre de ce qui se passe au Cameroun \u00bb.\u00a0<\/em><\/p>\n<div class=\"about-author about-author-box container-wrapper\">\n<div class=\"author-avatar\"><img decoding=\"async\" src=\"http:\/\/\" alt=\"\"\/><\/div>\n<p><h4>La R\u00e9daction EcoMatin<\/h4>\n<\/p>\n<\/div>\n<div class=\"awac-wrapper awac widget blog_subscription-2\">\n<h4 class=\"widget-title\">Abonnez-vous \u00e0 notre lettre d&rsquo;information<\/h4>\n<\/div>\n<p>Auteur: EcoMatin<br \/>\n<a href=\"https:\/\/ecomatin.net\/kekaa-wongan-nouvelle-marque-de-chocolat-sur-le-marche-camerounais\/\">Cliquez ici pour lire l&rsquo;article depuis sa source.<\/a><\/p>\n","protected":false},"excerpt":{"rendered":"<p>\u00ab\u00a0Kekaa wongan\u00a0\u00bb signifie \u00ab\u00a0notre cacao\u00a0\u00bb en langue Bulu. C\u2019est la nouvelle marque de chocolat en voie de commercialisation au Cameroun. Le produit a \u00e9t\u00e9 pr\u00e9sent\u00e9 \u00e0 Luc Magloire Mbarga Atangana, ministre du Commerce il y a plusieurs jours. C\u2019\u00e9tait au cours d\u2019une audience accord\u00e9e \u00e0 Dirk de Fauw, maire de la ville de Bruges en [&hellip;]<\/p>\n","protected":false},"author":1969,"featured_media":0,"comment_status":"closed","ping_status":"closed","sticky":false,"template":"","format":"standard","meta":{"fifu_image_url":"","fifu_image_alt":"","footnotes":""},"categories":[82,78],"tags":[],"class_list":["post-67411","post","type-post","status-publish","format-standard","hentry","category-cameroun","category-economie"],"_links":{"self":[{"href":"https:\/\/linitiative.ca\/International\/wp-json\/wp\/v2\/posts\/67411","targetHints":{"allow":["GET"]}}],"collection":[{"href":"https:\/\/linitiative.ca\/International\/wp-json\/wp\/v2\/posts"}],"about":[{"href":"https:\/\/linitiative.ca\/International\/wp-json\/wp\/v2\/types\/post"}],"author":[{"embeddable":true,"href":"https:\/\/linitiative.ca\/International\/wp-json\/wp\/v2\/users\/1969"}],"replies":[{"embeddable":true,"href":"https:\/\/linitiative.ca\/International\/wp-json\/wp\/v2\/comments?post=67411"}],"version-history":[{"count":0,"href":"https:\/\/linitiative.ca\/International\/wp-json\/wp\/v2\/posts\/67411\/revisions"}],"wp:attachment":[{"href":"https:\/\/linitiative.ca\/International\/wp-json\/wp\/v2\/media?parent=67411"}],"wp:term":[{"taxonomy":"category","embeddable":true,"href":"https:\/\/linitiative.ca\/International\/wp-json\/wp\/v2\/categories?post=67411"},{"taxonomy":"post_tag","embeddable":true,"href":"https:\/\/linitiative.ca\/International\/wp-json\/wp\/v2\/tags?post=67411"}],"curies":[{"name":"wp","href":"https:\/\/api.w.org\/{rel}","templated":true}]}}