{"id":67412,"date":"2019-11-13T10:17:54","date_gmt":"2019-11-13T15:17:54","guid":{"rendered":"https:\/\/linitiative.ca\/International\/reunion-des-ministres-de-la-cemac-en-prelude-au-sommet-des-chefs-detat\/"},"modified":"2019-11-13T10:17:54","modified_gmt":"2019-11-13T15:17:54","slug":"reunion-des-ministres-de-la-cemac-en-prelude-au-sommet-des-chefs-detat","status":"publish","type":"post","link":"https:\/\/linitiative.ca\/International\/reunion-des-ministres-de-la-cemac-en-prelude-au-sommet-des-chefs-detat\/","title":{"rendered":"R\u00e9union des ministres de la CEMAC en pr\u00e9lude au Sommet des chefs d\u2019Etat"},"content":{"rendered":"<p>Renvoy\u00e9e sine die le 4 novembre, la 34\u00e8me session ordinaire des ministres de l\u2019Union des Etats de l\u2019Afrique centrale (UEAC) se d\u00e9roule plut\u00f4t lundi prochain dans la capitale camerounaise. Sont attendus, <strong>15 ministres<\/strong> membres de cet organe ex\u00e9cutif, venus des six pays de la CEMAC. L\u2019ordre du jour indique pour l\u2019instant que les ministres vont principalement plancher sur les conclusions des travaux des experts lors des assises du Comit\u00e9 Inter-Etats du 31 octobre au 3 novembre 2019. Mais, des informations puis\u00e9es \u00e0 bonne source signalent plut\u00f4t que la r\u00e9union se tient en pr\u00e9lude \u00e0 un Sommet des chefs d\u2019Etat de la CEMAC, que l\u2019on pr\u00e9voit pour le 21 novembre \u00e0 Yaound\u00e9.<\/p>\n<hr\/>\n<h5>>> Lire aussi \u2013<a href=\"https:\/\/ecomatin.net\/zone-cemac-les-comites-dorigine-fonctionnels-dici-fin-decembre\/\">Zone Cemac : les comit\u00e9s d\u2019origine fonctionnels d\u2019ici fin d\u00e9cembre<\/a><\/h5>\n<hr\/>\n<p>Le calendrier des derni\u00e8res semaines vient \u00e9tayer cette pr\u00e9vision. On se souvient que <strong>Paul Biya<\/strong>, en sa qualit\u00e9 de pr\u00e9sident en exercice de la CEMAC, a envoy\u00e9 des membres de son gouvernement aupr\u00e8s de ses homologues de la sous-r\u00e9gion. <strong>Louis Paul Motaze<\/strong> (MINFI) \u00e9tait l\u2019\u00e9missaire du pr\u00e9sident camerounais aupr\u00e8s de <strong>Th\u00e9odore Obiang Nguema Mbazogo<\/strong> de la Guin\u00e9e Equatoriale, puis de <strong>Denis Sassou Nguesso<\/strong> du Congo. De son c\u00f4t\u00e9, le ministre de l\u2019Economie (MINEPAT), <strong>Alamine Ousmane Mey<\/strong>, s\u2019est rendu chez le pr\u00e9sident gabonais, <strong>Ali Bongo<\/strong> <strong>Ondimba,<\/strong> le 31 octobre, et chez le chef d\u2019Etat tchadien, <strong>Idriss D\u00e9by Itno.<\/strong><\/p>\n<hr\/>\n<h5>>> Lire aussi \u2013<a href=\"https:\/\/ecomatin.net\/cemac-vers-un-budget-de-8823-milliards-de-fcfa-en-2020\/\">CEMAC : vers un budget de 88,23 milliards de FCFA en 2020<\/a><\/h5>\n<hr\/>\n<p>Le Sommet des chefs d\u2019Etat de la CEMAC sera d\u2019une importance capitale, puisqu\u2019il interviendra dans un contexte difficile \u00e0 plusieurs \u00e9gards. Sur le plan s\u00e9curitaire, plusieurs pays de la CEMAC face \u00e0 des crises qui demandent une attention particuli\u00e8re, et surtout une lutte concert\u00e9e afin d\u2019\u00e9viter que la Communaut\u00e9 enti\u00e8re ne subissent leurs effets n\u00e9gatifs. Les questions \u00e9conomiques seront \u00e9galement abord\u00e9es, notamment en ce qui concerne le rel\u00e8vement de l\u2019\u00e9conomie sous r\u00e9gionale qui, malgr\u00e9 des r\u00e9formes, n\u2019a pas encore v\u00e9ritablement \u00e9t\u00e9 relanc\u00e9e. Autre pr\u00e9occupation : l\u2019int\u00e9gration r\u00e9gionale. Malgr\u00e9 diff\u00e9rentes mesures, elle est encore tatillonne et son acc\u00e9l\u00e9ration devrait permettre l\u2019arrimage de la Communaut\u00e9 \u00e0 la Zone de libre-\u00e9change africaine envisag\u00e9e.<\/p>\n<p>Des d\u00e9cisions qui seront pr\u00e9par\u00e9es, apprend-on, lors de la r\u00e9union des ministres de l\u2019UEAC. Notons que celle-ci aura \u00e9galement comme principale articulation l\u2019appr\u00e9ciation du budget de la CEMAC pour l\u2019ann\u00e9e 2020, que les experts ont \u00e9tabli \u00e0 quelque <strong>88 milliards de FCFA.<\/strong><\/p>\n<div class=\"about-author about-author-box container-wrapper\">\n<div class=\"author-avatar\"><img decoding=\"async\" src=\"http:\/\/\" alt=\"\"\/><\/div>\n<p><h4>La R\u00e9daction EcoMatin<\/h4>\n<\/p>\n<\/div>\n<div class=\"awac-wrapper awac widget blog_subscription-2\">\n<h4 class=\"widget-title\">Abonnez-vous \u00e0 notre lettre d&rsquo;information<\/h4>\n<\/div>\n<p>Auteur: EcoMatin<br \/>\n<a href=\"https:\/\/ecomatin.net\/reunion-des-ministres-de-la-cemac-en-prelude-au-sommet-des-chefs-detat\/\">Cliquez ici pour lire l&rsquo;article depuis sa source.<\/a><\/p>\n","protected":false},"excerpt":{"rendered":"<p>Renvoy\u00e9e sine die le 4 novembre, la 34\u00e8me session ordinaire des ministres de l\u2019Union des Etats de l\u2019Afrique centrale (UEAC) se d\u00e9roule plut\u00f4t lundi prochain dans la capitale camerounaise. Sont attendus, 15 ministres membres de cet organe ex\u00e9cutif, venus des six pays de la CEMAC. L\u2019ordre du jour indique pour l\u2019instant que les ministres vont [&hellip;]<\/p>\n","protected":false},"author":1969,"featured_media":0,"comment_status":"closed","ping_status":"closed","sticky":false,"template":"","format":"standard","meta":{"fifu_image_url":"","fifu_image_alt":"","footnotes":""},"categories":[82,78],"tags":[],"class_list":["post-67412","post","type-post","status-publish","format-standard","hentry","category-cameroun","category-economie"],"_links":{"self":[{"href":"https:\/\/linitiative.ca\/International\/wp-json\/wp\/v2\/posts\/67412","targetHints":{"allow":["GET"]}}],"collection":[{"href":"https:\/\/linitiative.ca\/International\/wp-json\/wp\/v2\/posts"}],"about":[{"href":"https:\/\/linitiative.ca\/International\/wp-json\/wp\/v2\/types\/post"}],"author":[{"embeddable":true,"href":"https:\/\/linitiative.ca\/International\/wp-json\/wp\/v2\/users\/1969"}],"replies":[{"embeddable":true,"href":"https:\/\/linitiative.ca\/International\/wp-json\/wp\/v2\/comments?post=67412"}],"version-history":[{"count":0,"href":"https:\/\/linitiative.ca\/International\/wp-json\/wp\/v2\/posts\/67412\/revisions"}],"wp:attachment":[{"href":"https:\/\/linitiative.ca\/International\/wp-json\/wp\/v2\/media?parent=67412"}],"wp:term":[{"taxonomy":"category","embeddable":true,"href":"https:\/\/linitiative.ca\/International\/wp-json\/wp\/v2\/categories?post=67412"},{"taxonomy":"post_tag","embeddable":true,"href":"https:\/\/linitiative.ca\/International\/wp-json\/wp\/v2\/tags?post=67412"}],"curies":[{"name":"wp","href":"https:\/\/api.w.org\/{rel}","templated":true}]}}