{"id":67413,"date":"2019-11-13T10:58:07","date_gmt":"2019-11-13T15:58:07","guid":{"rendered":"https:\/\/linitiative.ca\/International\/les-crises-securitaires-font-chuter-a-39-le-taux-de-croissance-du-cameroun-en-2019\/"},"modified":"2019-11-13T10:58:07","modified_gmt":"2019-11-13T15:58:07","slug":"les-crises-securitaires-font-chuter-a-39-le-taux-de-croissance-du-cameroun-en-2019","status":"publish","type":"post","link":"https:\/\/linitiative.ca\/International\/les-crises-securitaires-font-chuter-a-39-le-taux-de-croissance-du-cameroun-en-2019\/","title":{"rendered":"Les crises s\u00e9curitaires font chuter \u00e0 3,9% le taux de croissance du Cameroun en 2019"},"content":{"rendered":"<p>L\u2019\u00e9quipe du Fonds mon\u00e9taire international, conduite par <strong>Amadou Sy<\/strong> du 28 octobre au 8 novembre dans le cadre de la cinqui\u00e8me revue du programme \u00e9conomique et financier triennal (2017-2019) avec le Cameroun, a expliqu\u00e9 que les perspectives sont prometteuses pour l\u2019\u00e9conomie nationale. Le chef de mission a annonc\u00e9 qu\u2019un montant d\u2019\u00e0 peu pr\u00e8s de <strong>45 milliards de FCFA<\/strong> sera d\u00e9caiss\u00e9 en faveur du Cameroun. En ce qui concerne les crit\u00e8res de performances, le Cameroun a atteint tous les objectifs, \u00e0 en croire <strong>Amadou Sy.<\/strong><\/p>\n<p>N\u00e9anmoins, l\u2019institution de Bretton woods met l\u2019accent sur la n\u00e9cessit\u00e9 de faire face aux chocs s\u00e9curitaires et aux effets d\u2019entra\u00eenement de l\u2019incendie survenu \u00e0 la Soci\u00e9t\u00e9 nationale de raffinage (<strong>SONARA<\/strong>) le 31 mai dernier. <em>\u00ab\u00a0Il faut r\u00e9soudre l\u2019incertitude le plus vite possible, parce qu\u2019il y a un effet syst\u00e9mique sur le secteur bancaire, sur les recettes fiscales et les ressources non p\u00e9troli\u00e8res. La fa\u00e7on de g\u00e9rer ces chocs est capitale. Par exemple sur la crise s\u00e9curitaire, si on avance vite sur ce dossier, on a les dividendes de la paix qu\u2019on peut r\u00e9colter\u00a0\u00bb<\/em>, a indiqu\u00e9 le chef d\u2019\u00e9quipe du <strong>FMI.<\/strong><\/p>\n<p>D\u2019apr\u00e8s les indicateurs du Fonds, le Cameroun ach\u00e8vera l\u2019ann\u00e9e 2019 avec un taux de croissance de <strong>3,9%,<\/strong> en l\u00e9g\u00e8re baisse par rapport \u00e0 <strong>4,1%<\/strong> en 2018. Cette baisse s\u2019explique par les crises s\u00e9curitaires qui secouent le pays depuis 2013 tant \u00e0 l\u2019Extr\u00eame-Nord que dans les deux r\u00e9gions anglophones. Il s\u2019agit pr\u00e9cis\u00e9ment de la guerre contre la secte terroriste nig\u00e9riane <strong>Boko Haram,<\/strong> dans la r\u00e9gion de l\u2019Extr\u00eame-Nord, et du d\u00e9ploiement de l\u2019arm\u00e9e dans les r\u00e9gions du Sud-Ouest et du Nord-Ouest.<\/p>\n<p>Ensuite, pour justifier ce fl\u00e9chissement de l\u2019\u00e9conomie camerounaise en 2019, le FMI indexe l\u2019incendie \u00e0 la Sonara, en mai 2019. Ce sinistre a provoqu\u00e9 la cessation des activit\u00e9s de raffinage au sein de l\u2019unique raffinerie de p\u00e9trole du pays, obligeant le Cameroun \u00e0 importer les produits p\u00e9troliers finis.<\/p>\n<div class=\"about-author about-author-box container-wrapper\">\n<div class=\"author-avatar\"><img decoding=\"async\" src=\"http:\/\/\" alt=\"\"\/><\/div>\n<p><h4>La R\u00e9daction EcoMatin<\/h4>\n<\/p>\n<\/div>\n<div class=\"awac-wrapper awac widget blog_subscription-2\">\n<h4 class=\"widget-title\">Abonnez-vous \u00e0 notre lettre d&rsquo;information<\/h4>\n<\/div>\n<p>Auteur: EcoMatin<br \/>\n<a href=\"https:\/\/ecomatin.net\/les-crises-securitaires-font-chuter-a-39-le-taux-de-croissance-du-cameroun-en-2019\/\">Cliquez ici pour lire l&rsquo;article depuis sa source.<\/a><\/p>\n","protected":false},"excerpt":{"rendered":"<p>L\u2019\u00e9quipe du Fonds mon\u00e9taire international, conduite par Amadou Sy du 28 octobre au 8 novembre dans le cadre de la cinqui\u00e8me revue du programme \u00e9conomique et financier triennal (2017-2019) avec le Cameroun, a expliqu\u00e9 que les perspectives sont prometteuses pour l\u2019\u00e9conomie nationale. Le chef de mission a annonc\u00e9 qu\u2019un montant d\u2019\u00e0 peu pr\u00e8s de 45 [&hellip;]<\/p>\n","protected":false},"author":1969,"featured_media":0,"comment_status":"closed","ping_status":"closed","sticky":false,"template":"","format":"standard","meta":{"fifu_image_url":"","fifu_image_alt":"","footnotes":""},"categories":[82,78],"tags":[],"class_list":["post-67413","post","type-post","status-publish","format-standard","hentry","category-cameroun","category-economie"],"_links":{"self":[{"href":"https:\/\/linitiative.ca\/International\/wp-json\/wp\/v2\/posts\/67413","targetHints":{"allow":["GET"]}}],"collection":[{"href":"https:\/\/linitiative.ca\/International\/wp-json\/wp\/v2\/posts"}],"about":[{"href":"https:\/\/linitiative.ca\/International\/wp-json\/wp\/v2\/types\/post"}],"author":[{"embeddable":true,"href":"https:\/\/linitiative.ca\/International\/wp-json\/wp\/v2\/users\/1969"}],"replies":[{"embeddable":true,"href":"https:\/\/linitiative.ca\/International\/wp-json\/wp\/v2\/comments?post=67413"}],"version-history":[{"count":0,"href":"https:\/\/linitiative.ca\/International\/wp-json\/wp\/v2\/posts\/67413\/revisions"}],"wp:attachment":[{"href":"https:\/\/linitiative.ca\/International\/wp-json\/wp\/v2\/media?parent=67413"}],"wp:term":[{"taxonomy":"category","embeddable":true,"href":"https:\/\/linitiative.ca\/International\/wp-json\/wp\/v2\/categories?post=67413"},{"taxonomy":"post_tag","embeddable":true,"href":"https:\/\/linitiative.ca\/International\/wp-json\/wp\/v2\/tags?post=67413"}],"curies":[{"name":"wp","href":"https:\/\/api.w.org\/{rel}","templated":true}]}}