{"id":67416,"date":"2019-11-14T09:01:48","date_gmt":"2019-11-14T14:01:48","guid":{"rendered":"https:\/\/linitiative.ca\/International\/dans-son-nouveau-court-metrage-abdellatif-fdil-traite-la-philosophie-avec-un-regard-typiquement-marocain\/"},"modified":"2019-11-14T09:01:48","modified_gmt":"2019-11-14T14:01:48","slug":"dans-son-nouveau-court-metrage-abdellatif-fdil-traite-la-philosophie-avec-un-regard-typiquement-marocain","status":"publish","type":"post","link":"https:\/\/linitiative.ca\/International\/dans-son-nouveau-court-metrage-abdellatif-fdil-traite-la-philosophie-avec-un-regard-typiquement-marocain\/","title":{"rendered":"Dans son nouveau court-m\u00e9trage : Abdellatif Fdil traite la philosophie  avec un regard typiquement marocain"},"content":{"rendered":"<p><img decoding=\"async\" class=\"post_layout_5_img\" src=\"http:\/\/aujourdhui.ma\/wp-content\/uploads\/2019\/11\/Abdellatif-Fdil-court-me%CC%81trage-Un-philosophe.jpg?x29840\" alt=\"Dans son nouveau court-m\u00e9trage : Abdellatif Fdil traite la philosophie avec un regard typiquement marocain\"\/><\/p>\n<p class=\"p2\"><span class=\"s1\"><span class=\"c4\"><strong>Le nouveau court-m\u00e9trage, \u00abUn philosophe\u00bb de son r\u00e9alisateur marocain Abdellatif Fdil fait partie de la s\u00e9lection du 24\u00e8me Festival international du cin\u00e9ma d\u2019auteur de Rabat, qui se tiendra du 16 au 22 novembre.<\/strong><\/span><\/span><span id=\"more-323506\"\/><\/p>\n<p class=\"p2\"><span class=\"s1\">L\u2019annonce est faite par le cin\u00e9aste qui pr\u00e9cise \u00e9galement que son \u0153uvre est \u00e9galement s\u00e9lectionn\u00e9e au festival Kairawan en Tunisie, au 4\u00e8me Festival international cin\u00e9-caf\u00e9 de Taza, pr\u00e9vu du 20 au 22 d\u00e9cembre, au Festival cin\u00e9ma des peuples d\u2019Imouzzer, au Festival du cin\u00e9ma national d\u2019Assa Zag, et bien d\u2019autres en cours. \u00abDans sa premi\u00e8re participation, en octobre 2019, le film a eu le prix du Festival international du cin\u00e9ma et la mer\u00bb, exalte-t-il.<\/span><\/p>\n<p class=\"p2\"><span class=\"s1\">Au-del\u00e0 de ces projections en avant-premi\u00e8re, l\u2019\u0153uvre raconte, en 20 minutes et en sous-titrages fran\u00e7ais et anglais, l\u2019histoire de Nabil, arriv\u00e9 \u00e0 Azaghar (Kh\u00e9nifra) en mission de recensement, qui fait connaissance d\u2019un douanier souvent accompagn\u00e9 de cinq enfants dont il ne semble pas \u00eatre le p\u00e8re. Depuis, des questions folles le taraudent. De quoi abonder dans le sens de l\u2019intitul\u00e9 \u00abUn philosophe\u00bb.<\/span><\/p>\n<p class=\"p2\"><span class=\"s1\">A propos du choix de la philosophie, qui a tendance \u00e0 \u00eatre abord\u00e9e par plusieurs r\u00e9alisateurs, Abdellatif Fdil indique \u00eatre depuis longtemps int\u00e9ress\u00e9 par le cin\u00e9ma de Terrence Malick, Lars Von Trier, Ang Lee et Wes Anderson. <em>\u00abMais, je leur r\u00e9siste dans mes r\u00e9alisations. Un philosophe traite la philosophie mais avec un regard typiquement marocain en partant de l\u2019id\u00e9e qu\u2019un philosophe ne voit pas les choses comme elles sont\u00bb,<\/em> explicite le cin\u00e9aste marocain. Dans ce sens, il donne \u00e9galement l\u2019exemple du p\u00eacheur, dans le film, qui ne voit pas, \u00e0 son tour, les choses comme les villageois de son entourage puisqu\u2019il accepte l\u2019adult\u00e8re de sa femme. <em>\u00abLa philosophie n\u2019a jamais \u00e9t\u00e9 un effet de mode, mais, aujourd\u2019hui, les r\u00e9alisateurs s\u2019int\u00e9ressent plus aux sujets existentiels, voire complexes et profonds dans leurs r\u00e9cits filmiques\u00bb,<\/em> d\u00e9taille M. Fdil.<\/span><\/p>\n<p class=\"p2\"><span class=\"s1\">Quant au budget du film, il a, selon le r\u00e9alisateur, obtenu 200.000,00 DH<span class=\"Apple-converted-space\">\u00a0<\/span> de subventions du CCM qui n\u2019a pas suffi pour l\u2019achever. <em>\u00abWiwan Films, la soci\u00e9t\u00e9 de production, \u00e9tait contrainte de chercher d\u2019autres subventions pour payer la post-production. Le co\u00fbt final du film a atteint 390.000,00 DH\u00bb<\/em>, ajoute le r\u00e9alisateur, qui se f\u00e9licite par l\u2019occasion du casting. <em>\u00abJ\u2019ai eu la chance de travailler avec une superbe \u00e9quipe artistique qui a donn\u00e9 au film un poids remarquable\u00bb,<\/em> encha\u00eene M. Fdil qui \u00e9num\u00e8re les artistes. Il s\u2019agit d\u2019Abdelilah Rachid, le protagoniste du film <em>\u00abLes Chevaux de Dieu\u00bb<\/em> et de la s\u00e9rie TV \u00abRdat lwalida\u00bb. Il a, selon le r\u00e9alisateur, incarn\u00e9 avec un excellent professionnalisme le recenseur dans \u00abUn philosophe\u00bb. De son c\u00f4t\u00e9, Mohammed Hmimsa, qui joue le r\u00f4le du p\u00eacheur philosophe, est assez fort dans son interpr\u00e9tation int\u00e9rieure. Selon le cin\u00e9aste, cet acteur devait incarner un personnage complexe avec peu de dialogues et moins de pr\u00e9sence \u00e0 l\u2019\u00e9cran. Pour sa part, Chaimae Ben Acha, est aux yeux du r\u00e9alisateur, une com\u00e9dienne g\u00e9n\u00e9reuse qui n\u2019a prononc\u00e9 aucun mot dans le film mais qui est rest\u00e9e ambigu\u00eb dans son rapport avec les hommes qu\u2019elle rencontre dans le film.<\/span><\/p>\n<p class=\"p2\"><span class=\"s1\">Outre \u00abUn philosophe\u00bb, M. Fdil travaille, d\u2019apr\u00e8s ses dires, sur son premier long-m\u00e9trage qui a eu le prix du meilleur projet cin\u00e9matographique au Festival National du film. Aussi, le r\u00e9alisateur tourne deux documentaires sur \u00abLa folie et la vie des bergers du moyen Atlas\u00bb.<\/span><\/p>\n<p class=\"p2\"><span class=\"s1\">Pour rappel, le cin\u00e9aste est \u00e9galement sc\u00e9nariste et producteur. Il est laur\u00e9at de l\u2019Ecole nationale sup\u00e9rieure de l\u2019audiovisuel de Toulouse. Il est, de plus, titulaire d\u2019un doctorat Cin\u00e9ma de l\u2019Universit\u00e9 de Toulouse II Jean Jaur\u00e8s. Pour l\u2019heure, il est enseignant-chercheur \u00e0 l\u2019Institut sup\u00e9rieur des m\u00e9tiers de l\u2019Audiovisuel et de cin\u00e9ma (ISMAC) \u00e0 Rabat. Il est, de surcro\u00eet, auteur de plusieurs films courts-m\u00e9trages et documentaires dont La Singerie, Table de Punition, Mon Cheval, Voyage \u00e0 Tokyo qui ont marqu\u00e9 son parcours artistique. Il a enseign\u00e9 la r\u00e9alisation cin\u00e9matographique et l\u2019\u00e9criture de sc\u00e9nario \u00e0 l\u2019Ecole nationale sup\u00e9rieure de l\u2019audiovisuel de Toulouse avant de rentrer en 2018 au Maroc.<\/span><\/p>\n<p>Auteur: Salima Guisser<br \/>\n<a href=\"http:\/\/aujourdhui.ma\/culture\/dans-son-nouveau-court-metrage-abdellatif-fdil-traite-la-philosophie-avec-un-regard-typiquement-marocain\">Cliquez ici pour lire l&rsquo;article depuis sa source.<\/a><\/p>\n","protected":false},"excerpt":{"rendered":"<p>Le nouveau court-m\u00e9trage, \u00abUn philosophe\u00bb de son r\u00e9alisateur marocain Abdellatif Fdil fait partie de la s\u00e9lection du 24\u00e8me Festival international du cin\u00e9ma d\u2019auteur de Rabat, qui se tiendra du 16 au 22 novembre. L\u2019annonce est faite par le cin\u00e9aste qui pr\u00e9cise \u00e9galement que son \u0153uvre est \u00e9galement s\u00e9lectionn\u00e9e au festival Kairawan en Tunisie, au 4\u00e8me [&hellip;]<\/p>\n","protected":false},"author":1759,"featured_media":0,"comment_status":"closed","ping_status":"closed","sticky":false,"template":"","format":"standard","meta":{"fifu_image_url":"","fifu_image_alt":"","footnotes":""},"categories":[73,54],"tags":[],"class_list":["post-67416","post","type-post","status-publish","format-standard","hentry","category-actualite","category-maroc"],"_links":{"self":[{"href":"https:\/\/linitiative.ca\/International\/wp-json\/wp\/v2\/posts\/67416","targetHints":{"allow":["GET"]}}],"collection":[{"href":"https:\/\/linitiative.ca\/International\/wp-json\/wp\/v2\/posts"}],"about":[{"href":"https:\/\/linitiative.ca\/International\/wp-json\/wp\/v2\/types\/post"}],"author":[{"embeddable":true,"href":"https:\/\/linitiative.ca\/International\/wp-json\/wp\/v2\/users\/1759"}],"replies":[{"embeddable":true,"href":"https:\/\/linitiative.ca\/International\/wp-json\/wp\/v2\/comments?post=67416"}],"version-history":[{"count":0,"href":"https:\/\/linitiative.ca\/International\/wp-json\/wp\/v2\/posts\/67416\/revisions"}],"wp:attachment":[{"href":"https:\/\/linitiative.ca\/International\/wp-json\/wp\/v2\/media?parent=67416"}],"wp:term":[{"taxonomy":"category","embeddable":true,"href":"https:\/\/linitiative.ca\/International\/wp-json\/wp\/v2\/categories?post=67416"},{"taxonomy":"post_tag","embeddable":true,"href":"https:\/\/linitiative.ca\/International\/wp-json\/wp\/v2\/tags?post=67416"}],"curies":[{"name":"wp","href":"https:\/\/api.w.org\/{rel}","templated":true}]}}