{"id":67417,"date":"2019-11-14T09:10:12","date_gmt":"2019-11-14T14:10:12","guid":{"rendered":"https:\/\/linitiative.ca\/International\/casablanca-6-ans-de-reclusion-criminelle-pour-un-malfrat-recidiviste\/"},"modified":"2019-11-14T09:10:12","modified_gmt":"2019-11-14T14:10:12","slug":"casablanca-6-ans-de-reclusion-criminelle-pour-un-malfrat-recidiviste","status":"publish","type":"post","link":"https:\/\/linitiative.ca\/International\/casablanca-6-ans-de-reclusion-criminelle-pour-un-malfrat-recidiviste\/","title":{"rendered":"Casablanca : 6 ans de r\u00e9clusion criminelle  pour un malfrat r\u00e9cidiviste"},"content":{"rendered":"<p><img decoding=\"async\" class=\"post_layout_5_img\" src=\"http:\/\/aujourdhui.ma\/wp-content\/uploads\/2018\/09\/Prison.jpg?x29840\" alt=\"Casablanca : 6 ans de r\u00e9clusion criminelle pour un malfrat r\u00e9cidiviste\"\/><\/p>\n<p class=\"p1\"><span class=\"c4\"><strong><span class=\"s1\">L\u2019une des victimes, la trentaine, assure au pr\u00e9sident que ce malfrat l\u2019a oblig\u00e9e sous la menace d\u2019un couteau \u00e0 lui remettre tout ce qu\u2019elle portait sur elle.<\/span><\/strong><\/span><span id=\"more-323523\"\/><\/p>\n<p class=\"p1\"><span class=\"s1\">\u00c2g\u00e9 de vingt-six ans, ce jeune homme qui se tient au box des accus\u00e9s, \u00e0 la chambre criminelle pr\u00e8s la Cour d\u2019appel de Casablanca, a d\u00e9j\u00e0 un casier \u00abgarni\u00bb de trois ant\u00e9c\u00e9dents judiciaires, tous pour le m\u00eame motif, \u00e0 savoir vol qualifi\u00e9. Seulement, il essaie de se blanchir en affirmant \u00e0 la Cour qu\u2019il n\u2019a plus besoin de commettre des agressions pour subvenir \u00e0 ses besoins surtout en drogue, mais qu\u2019il fait du commerce. Quel genre de commerce ? lui demande le pr\u00e9sident de la Cour. Il ach\u00e8te et vend tout ce qui lui tombe entre les mains, r\u00e9pond-il au magistrat qui lui montre ses quatre victimes. Leur nombre est bien plus grand mais ce sont celles qui ont port\u00e9 plainte contre lui et se sont souvenues de ses traits et signalements.<\/span><\/p>\n<p class=\"p1\"><span class=\"s1\">Et pourtant, il se disculpe tout au long de l\u2019examen de son dossier. Il affirme qu\u2019il n\u2019\u00e9tait plus arm\u00e9 d\u2019un couteau, ni avoir mis la main dans les poches d\u2019une personne. Au contraire, l\u2019une des victimes, la trentaine, assure au pr\u00e9sident que ce malfrat l\u2019a oblig\u00e9e sous la menace d\u2019un couteau \u00e0 lui remettre tout ce qu\u2019elle portait sur elle. Effectivement, elle lui a donn\u00e9 son sac \u00e0 main qui renfermait, outre son smartphone, une somme de plus de mille dirhams, a-t-elle pr\u00e9cis\u00e9 \u00e0 la Cour. Une autre victime, une m\u00e8re de famille, affirme avoir \u00e9t\u00e9 agress\u00e9e par le mis en cause dont elle se souvient parfaitement des traits puisqu\u2019il faisait encore jour. Les deux autres victimes, toutes des femmes, se rappellent \u00e9galement son visage. L\u2019une d\u2019elles fond en larmes tout en expliquant \u00e0 la Cour que le malfrat l\u2019a gifl\u00e9e quand elle a refus\u00e9 de lui remettre son smartphone.<\/span><\/p>\n<p class=\"p1\"><span class=\"s1\">Apr\u00e8s d\u00e9lib\u00e9rations, la Cour a jug\u00e9 le malfrat coupable pour vol qualifi\u00e9 et l\u2019a condamn\u00e9 \u00e0 six ans de r\u00e9clusion criminelle.<\/span><\/p>\n<p>Auteur: Abderrafii ALOUMLIKI<br \/>\n<a href=\"http:\/\/aujourdhui.ma\/faits-divers\/casablanca-6-ans-de-reclusion-criminelle-pour-un-malfrat-recidiviste\">Cliquez ici pour lire l&rsquo;article depuis sa source.<\/a><\/p>\n","protected":false},"excerpt":{"rendered":"<p>L\u2019une des victimes, la trentaine, assure au pr\u00e9sident que ce malfrat l\u2019a oblig\u00e9e sous la menace d\u2019un couteau \u00e0 lui remettre tout ce qu\u2019elle portait sur elle. \u00c2g\u00e9 de vingt-six ans, ce jeune homme qui se tient au box des accus\u00e9s, \u00e0 la chambre criminelle pr\u00e8s la Cour d\u2019appel de Casablanca, a d\u00e9j\u00e0 un casier [&hellip;]<\/p>\n","protected":false},"author":1759,"featured_media":0,"comment_status":"closed","ping_status":"closed","sticky":false,"template":"","format":"standard","meta":{"fifu_image_url":"","fifu_image_alt":"","footnotes":""},"categories":[73,54],"tags":[],"class_list":["post-67417","post","type-post","status-publish","format-standard","hentry","category-actualite","category-maroc"],"_links":{"self":[{"href":"https:\/\/linitiative.ca\/International\/wp-json\/wp\/v2\/posts\/67417","targetHints":{"allow":["GET"]}}],"collection":[{"href":"https:\/\/linitiative.ca\/International\/wp-json\/wp\/v2\/posts"}],"about":[{"href":"https:\/\/linitiative.ca\/International\/wp-json\/wp\/v2\/types\/post"}],"author":[{"embeddable":true,"href":"https:\/\/linitiative.ca\/International\/wp-json\/wp\/v2\/users\/1759"}],"replies":[{"embeddable":true,"href":"https:\/\/linitiative.ca\/International\/wp-json\/wp\/v2\/comments?post=67417"}],"version-history":[{"count":0,"href":"https:\/\/linitiative.ca\/International\/wp-json\/wp\/v2\/posts\/67417\/revisions"}],"wp:attachment":[{"href":"https:\/\/linitiative.ca\/International\/wp-json\/wp\/v2\/media?parent=67417"}],"wp:term":[{"taxonomy":"category","embeddable":true,"href":"https:\/\/linitiative.ca\/International\/wp-json\/wp\/v2\/categories?post=67417"},{"taxonomy":"post_tag","embeddable":true,"href":"https:\/\/linitiative.ca\/International\/wp-json\/wp\/v2\/tags?post=67417"}],"curies":[{"name":"wp","href":"https:\/\/api.w.org\/{rel}","templated":true}]}}