{"id":67418,"date":"2019-11-14T09:10:31","date_gmt":"2019-11-14T14:10:31","guid":{"rendered":"https:\/\/linitiative.ca\/International\/el-jadida-pour-un-simple-malentendu-un-jeune-homme-tue-son-voisin-du-douar\/"},"modified":"2019-11-14T09:10:31","modified_gmt":"2019-11-14T14:10:31","slug":"el-jadida-pour-un-simple-malentendu-un-jeune-homme-tue-son-voisin-du-douar","status":"publish","type":"post","link":"https:\/\/linitiative.ca\/International\/el-jadida-pour-un-simple-malentendu-un-jeune-homme-tue-son-voisin-du-douar\/","title":{"rendered":"El Jadida : Pour un simple malentendu, un jeune homme tue son voisin du douar"},"content":{"rendered":"<header>\n<\/header>\n<div class=\"entry-content clearfix\" readability=\"59\"><img decoding=\"async\" class=\"post_layout_5_img\" src=\"http:\/\/aujourdhui.ma\/wp-content\/uploads\/2018\/07\/couteau.jpg?x29840\" alt=\"El Jadida : Pour un simple malentendu, un jeune homme tue son voisin du douar\"\/><\/p>\n<p class=\"p1\"><span class=\"c4\"><strong><span class=\"s1\">Pour avoir tu\u00e9 son voisin du douar, \u00e0 Tnine Chtouka situ\u00e9e \u00e0 une trentaine de kilom\u00e8tres de la ville d\u2019El Jadida, un jeune homme de vingt-huit ans a \u00e9t\u00e9 traduit, lundi dernier, devant le parquet g\u00e9n\u00e9ral pr\u00e8s la Cour d\u2019appel de la capitale des Doukkala.\u00a0<\/span><\/strong><\/span><span id=\"more-323524\"\/><\/p>\n<p class=\"p1\"><span class=\"s1\">Les faits remontent \u00e0 vendredi dernier, vers 20h30, quand les deux voisins se tenaient, en compagnie d\u2019autres jeunes du douar, juste \u00e0 c\u00f4t\u00e9 d\u2019un commerce quand un malentendu a brum\u00e9 leur discussion. Leurs amis ont tent\u00e9 de les calmer, mais en vain.<\/span><\/p>\n<p class=\"p1\"><span class=\"s1\">La tension est mont\u00e9e d\u2019un cran au point que l\u2019un d\u2019eux a perdu compl\u00e8tement tout contr\u00f4le de ses nerfs pour saisir un couteau et ass\u00e9ner un coup juste au niveau de son c\u0153ur. La victime, \u00e2g\u00e9e de vingt-six ans, a perdu l\u2019\u00e9quilibre pour tomber ensuite par terre et pousser le dernier soupir. Aussit\u00f4t, le meurtrier a pris la poudre d\u2019escampette. Mais, le lendemain, samedi, vers 18 h, il a \u00e9t\u00e9 arr\u00eat\u00e9 dans un caf\u00e9 situ\u00e9 \u00e0 Had Soualem relevant de la pr\u00e9fecture de Berrechid.<\/span><\/p>\n<\/div>\n<p>Auteur: Abderrafii ALOUMLIKI<br \/>\n<a href=\"http:\/\/aujourdhui.ma\/faits-divers\/el-jadida-pour-un-simple-malentendu-un-jeune-homme-tue-son-voisin-du-douar\">Cliquez ici pour lire l&rsquo;article depuis sa source.<\/a><\/p>\n","protected":false},"excerpt":{"rendered":"<p>Pour avoir tu\u00e9 son voisin du douar, \u00e0 Tnine Chtouka situ\u00e9e \u00e0 une trentaine de kilom\u00e8tres de la ville d\u2019El Jadida, un jeune homme de vingt-huit ans a \u00e9t\u00e9 traduit, lundi dernier, devant le parquet g\u00e9n\u00e9ral pr\u00e8s la Cour d\u2019appel de la capitale des Doukkala.\u00a0 Les faits remontent \u00e0 vendredi dernier, vers 20h30, quand les [&hellip;]<\/p>\n","protected":false},"author":1759,"featured_media":0,"comment_status":"closed","ping_status":"closed","sticky":false,"template":"","format":"standard","meta":{"fifu_image_url":"","fifu_image_alt":"","footnotes":""},"categories":[73,54],"tags":[],"class_list":["post-67418","post","type-post","status-publish","format-standard","hentry","category-actualite","category-maroc"],"_links":{"self":[{"href":"https:\/\/linitiative.ca\/International\/wp-json\/wp\/v2\/posts\/67418","targetHints":{"allow":["GET"]}}],"collection":[{"href":"https:\/\/linitiative.ca\/International\/wp-json\/wp\/v2\/posts"}],"about":[{"href":"https:\/\/linitiative.ca\/International\/wp-json\/wp\/v2\/types\/post"}],"author":[{"embeddable":true,"href":"https:\/\/linitiative.ca\/International\/wp-json\/wp\/v2\/users\/1759"}],"replies":[{"embeddable":true,"href":"https:\/\/linitiative.ca\/International\/wp-json\/wp\/v2\/comments?post=67418"}],"version-history":[{"count":0,"href":"https:\/\/linitiative.ca\/International\/wp-json\/wp\/v2\/posts\/67418\/revisions"}],"wp:attachment":[{"href":"https:\/\/linitiative.ca\/International\/wp-json\/wp\/v2\/media?parent=67418"}],"wp:term":[{"taxonomy":"category","embeddable":true,"href":"https:\/\/linitiative.ca\/International\/wp-json\/wp\/v2\/categories?post=67418"},{"taxonomy":"post_tag","embeddable":true,"href":"https:\/\/linitiative.ca\/International\/wp-json\/wp\/v2\/tags?post=67418"}],"curies":[{"name":"wp","href":"https:\/\/api.w.org\/{rel}","templated":true}]}}