{"id":67420,"date":"2019-11-14T09:15:17","date_gmt":"2019-11-14T14:15:17","guid":{"rendered":"https:\/\/linitiative.ca\/International\/revolution-industrielle-les-ambitions-du-maroc\/"},"modified":"2019-11-14T09:15:17","modified_gmt":"2019-11-14T14:15:17","slug":"revolution-industrielle-les-ambitions-du-maroc","status":"publish","type":"post","link":"https:\/\/linitiative.ca\/International\/revolution-industrielle-les-ambitions-du-maroc\/","title":{"rendered":"R\u00e9volution industrielle\u00a0: Les ambitions du Maroc"},"content":{"rendered":"<p><img decoding=\"async\" class=\"post_layout_5_img\" src=\"http:\/\/aujourdhui.ma\/wp-content\/uploads\/2019\/11\/Industrie-automobile.jpg?x29840\" alt=\"R\u00e9volution industrielle\u00a0: Les ambitions du Maroc\"\/><\/p>\n<p class=\"p1\"><span class=\"c4\"><strong><em>Implication des r\u00e9gions, proximit\u00e9 entre comp\u00e9tencec et producteurs, int\u00e9gration\u00a0<\/em><em>de l\u2019intelligence artificielle\u2026<\/em><\/strong><\/span><span id=\"more-323391\"\/><\/p>\n<p class=\"p1\"><span class=\"s1\">L\u2019industrie marocaine honore ses engagements pris dans le cadre du Plan d\u2019acc\u00e9l\u00e9ration industrielle 2014-2020. L\u2019objectif de la cr\u00e9ation de 500.000 emplois pourrait \u00eatre atteint d\u2019ici fin 2019. A fin juin 2019, le secteur a cr\u00e9\u00e9 66.000 postes additionnels. Ces emplois sont venus se greffer aux 405.000 cr\u00e9\u00e9s \u00e0 fin 2018. C\u2019est ce qu\u2019a annonc\u00e9 Moulay Hafid Elalamy, ministre de l\u2019industrie, du commerce, de l\u2019\u00e9conomie verte et num\u00e9rique, lors de son intervention \u00e0 la Global Indystry 4.0 conference, tenue mercredi 13 novembre \u00e0 l\u2019initiative du Magazine Industrie du Maroc. Cette rencontre qui s\u2019est articul\u00e9e autour de la nouvelle r\u00e9volution industrielle baptis\u00e9e \u00ab4.0\u00bb a permis d\u2019\u00e9taler les ambitions du Maroc dans un secteur en pleine mouvance.<\/span><\/p>\n<p class=\"p1\"><span class=\"s1\">Une \u00e8re marqu\u00e9e par des transformations rapides des modes d\u2019ex\u00e9cution, de consommation et de gouvernance. Une tectonique de plaque, telle qu\u2019elle a \u00e9t\u00e9 qualifi\u00e9e par Moulay Hafid Elalamy, ayant permis \u00e0 de petites nations industrialis\u00e9es de monter fortement en qualit\u00e9, en comp\u00e9tence et en comp\u00e9titivit\u00e9. Le Maroc qui s\u2019appr\u00eate \u00e0 amorcer un nouveau cap de son industrialisation s\u2019engage \u00e0 int\u00e9grer cette transformation par la grande porte. <em>\u00abNotre industrie doit se mettre au go\u00fbt du jour et accompagner son temps. Il faut adapter nos modes de production pour converger plus vite\u00bb<\/em>, souligne le ministre. Et de poursuivre: <em>\u00abNous devons envisager l\u2019avenir avec s\u00e9r\u00e9nit\u00e9, s\u00e9rieux et travail. Il faut que le Plan d\u2019acc\u00e9l\u00e9ration industrielle 2.0 s\u2019adapte \u00e0 ce monde en pleine mutation\u00bb<\/em>. Le premier paradigme sur lequel mise le ministre de tutelle est l\u2019 implication massive de l\u2019ensemble des r\u00e9gions dans ce process.<\/span><\/p>\n<p class=\"p1\"><span class=\"s1\">La volont\u00e9 \u00e9tant de faire descendre toutes les actions du minist\u00e8re vers le r\u00e9gional. <em>\u00abToutes les r\u00e9gions du Maroc peuvent aspirer \u00e0 faire partie de cette industrialisation, et ce chacune \u00e0 sa fa\u00e7on. Nous nous penchons dans le cadre du Plan d\u2019acc\u00e9l\u00e9ration industrielle 2.0 \u00e0 d\u00e9finir les corridors<\/em>\u00bb, explique Moulay Hafid Elalamy. La transformation industrielle exige par ailleurs une proximit\u00e9 plus importante entre les industriels et les universit\u00e9s ainsi qu\u2019entre les producteurs et les centres de formation.<\/span><\/p>\n<p class=\"p1\"><span class=\"s1\">L\u2019id\u00e9e \u00e9tant de pr\u00e9parer les ressources humaines \u00e0 concevoir et travailler avec de nouveaux mat\u00e9riaux et de nouvelles visions d\u2019avenir. Pour ce faire, le ministre de tutelle mise sur l\u2019int\u00e9gration de la r\u00e9alit\u00e9 augment\u00e9e, du big data, de l\u2019intelligence artificielle, de l\u2019infrastructure 5G et des objets connect\u00e9s. Des outils de travail qui s\u2019imposent aujourd\u2019hui comme une n\u00e9cessit\u00e9 pour r\u00e9ussir le virage industriel.<\/span><\/p>\n<p>Auteur: Kawtar Tali<br \/>\n<a href=\"http:\/\/aujourdhui.ma\/economie\/revolution-industrielle-les-ambitions-du-maroc\">Cliquez ici pour lire l&rsquo;article depuis sa source.<\/a><\/p>\n","protected":false},"excerpt":{"rendered":"<p>Implication des r\u00e9gions, proximit\u00e9 entre comp\u00e9tencec et producteurs, int\u00e9gration\u00a0de l\u2019intelligence artificielle\u2026 L\u2019industrie marocaine honore ses engagements pris dans le cadre du Plan d\u2019acc\u00e9l\u00e9ration industrielle 2014-2020. L\u2019objectif de la cr\u00e9ation de 500.000 emplois pourrait \u00eatre atteint d\u2019ici fin 2019. A fin juin 2019, le secteur a cr\u00e9\u00e9 66.000 postes additionnels. Ces emplois sont venus se greffer [&hellip;]<\/p>\n","protected":false},"author":1759,"featured_media":0,"comment_status":"closed","ping_status":"closed","sticky":false,"template":"","format":"standard","meta":{"fifu_image_url":"","fifu_image_alt":"","footnotes":""},"categories":[73,54],"tags":[],"class_list":["post-67420","post","type-post","status-publish","format-standard","hentry","category-actualite","category-maroc"],"_links":{"self":[{"href":"https:\/\/linitiative.ca\/International\/wp-json\/wp\/v2\/posts\/67420","targetHints":{"allow":["GET"]}}],"collection":[{"href":"https:\/\/linitiative.ca\/International\/wp-json\/wp\/v2\/posts"}],"about":[{"href":"https:\/\/linitiative.ca\/International\/wp-json\/wp\/v2\/types\/post"}],"author":[{"embeddable":true,"href":"https:\/\/linitiative.ca\/International\/wp-json\/wp\/v2\/users\/1759"}],"replies":[{"embeddable":true,"href":"https:\/\/linitiative.ca\/International\/wp-json\/wp\/v2\/comments?post=67420"}],"version-history":[{"count":0,"href":"https:\/\/linitiative.ca\/International\/wp-json\/wp\/v2\/posts\/67420\/revisions"}],"wp:attachment":[{"href":"https:\/\/linitiative.ca\/International\/wp-json\/wp\/v2\/media?parent=67420"}],"wp:term":[{"taxonomy":"category","embeddable":true,"href":"https:\/\/linitiative.ca\/International\/wp-json\/wp\/v2\/categories?post=67420"},{"taxonomy":"post_tag","embeddable":true,"href":"https:\/\/linitiative.ca\/International\/wp-json\/wp\/v2\/tags?post=67420"}],"curies":[{"name":"wp","href":"https:\/\/api.w.org\/{rel}","templated":true}]}}