{"id":67423,"date":"2019-11-14T06:41:13","date_gmt":"2019-11-14T11:41:13","guid":{"rendered":"https:\/\/linitiative.ca\/International\/des-etudiants-marocains-a-la-specque-2020\/"},"modified":"2019-11-14T06:41:13","modified_gmt":"2019-11-14T11:41:13","slug":"des-etudiants-marocains-a-la-specque-2020","status":"publish","type":"post","link":"https:\/\/linitiative.ca\/International\/des-etudiants-marocains-a-la-specque-2020\/","title":{"rendered":"Des \u00e9tudiants marocains \u00e0 la SPECQUE 2020"},"content":{"rendered":"<p class=\"has-text-color has-vivid-red-color c2\"><strong>Parlement europ\u00e9en Canada-Qu\u00e9bec-Europe<\/strong><\/p>\n<p class=\"has-text-color has-vivid-cyan-blue-color\"><strong>La simulation du parlement europ\u00e9en Canada-Qu\u00e9bec-Europe (SPECQUE), plus grande simulation internationale europ\u00e9enne, qui aura lieu du 26 juillet \u00e0 2 ao\u00fbt 2020 \u00e0 Qu\u00e9bec (Canada), accueille lors de cette vingt-troisi\u00e8me \u00e9dition des \u00e9tudiants marocains.<\/strong><\/p>\n<p>La d\u00e9l\u00e9gation de Rabat, compos\u00e9e de Safaa Lahayrech, \u00e9tudiante en quatri\u00e8me ann\u00e9e ing\u00e9nierie des \u00e9nergies renouvelables, Rania Ismaili, \u00e9tudiante en deuxi\u00e8me ann\u00e9e Master \u00c9volution des politiques publiques, Lina El Idrissi Sghiouar, \u00e9tudiante en troisi\u00e8me ann\u00e9e d\u2019architecture, Daouda fofana, \u00e9tudiant en deuxi\u00e8me ann\u00e9e Master gouvernance et intelligence internationale, Bouthaina Sabbane, \u00e9tudiante en premi\u00e8re ann\u00e9e international program in management, Hasina Haro, \u00e9tudiante en deuxi\u00e8me ann\u00e9e Master gouvernance et intelligence internationale et Ghita Hajji, \u00e9tudiante en troisi\u00e8me ann\u00e9e m\u00e9decine dentaire, est pr\u00e9sid\u00e9e par Nouhaila Amenzou, \u00e9tudiante en quatri\u00e8me ann\u00e9e ing\u00e9nierie des \u00e9nergies renouvelables.<\/p>\n<p>Lors de cette manifestation aux multiples vertus p\u00e9dagogiques, de nombreux r\u00f4les seront simul\u00e9s et assimil\u00e9s par les \u00e9tudiants qui exerceront les t\u00e2ches des eurod\u00e9put\u00e9s et prendront connaissance des m\u00e9canismes de fonctionnements des institutions europ\u00e9ennes et les enjeux politiques du vieux continent. Ainsi, les \u00e9tudiants \u00abspecquois\u00bb seront mis en condition pour exercer, au plus pr\u00e8s, les diff\u00e9rents postes existants au sein du Parlement europ\u00e9en (d\u00e9bats anim\u00e9s, pl\u00e9ni\u00e8res, n\u00e9gociations, commissions\u2026) et d\u00e9couvriront le jeu politique dans toute sa splendeur, avec ses alliances, ses rivalit\u00e9s, ses dits, ses non-dits et ses politiques de couloir.<\/p>\n<p>La Simulation du Parlement europ\u00e9en Canada-Qu\u00e9bec-Europe, plus connue sous son acronyme SPECQUE, est la plus grande simulation francophone du parlement europ\u00e9en. Cr\u00e9e en 1998 par des \u00e9tudiants de l\u2019universit\u00e9 Laval, afin de mieux comprendre le fonctionnement des institutions europ\u00e9ennes et les grands enjeux de l\u2019union europ\u00e9enne. Pour cette ann\u00e9e, une nouvelle d\u00e9l\u00e9gation a \u00e9t\u00e9 cr\u00e9\u00e9 au Maroc, qui est la d\u00e9l\u00e9gation de l\u2019universit\u00e9 internationale de Rabat.<\/p>\n<p class=\"c3\"><strong>Amnezou B.<\/strong><\/p>\n<p>Auteur: M&rsquo;hammed rahal<br \/>\n<a href=\"http:\/\/albayane.press.ma\/des-etudiants-marocains-a-la-specque-2020.html\">Cliquez ici pour lire l&rsquo;article depuis sa source.<\/a><\/p>\n","protected":false},"excerpt":{"rendered":"<p>Parlement europ\u00e9en Canada-Qu\u00e9bec-Europe La simulation du parlement europ\u00e9en Canada-Qu\u00e9bec-Europe (SPECQUE), plus grande simulation internationale europ\u00e9enne, qui aura lieu du 26 juillet \u00e0 2 ao\u00fbt 2020 \u00e0 Qu\u00e9bec (Canada), accueille lors de cette vingt-troisi\u00e8me \u00e9dition des \u00e9tudiants marocains. La d\u00e9l\u00e9gation de Rabat, compos\u00e9e de Safaa Lahayrech, \u00e9tudiante en quatri\u00e8me ann\u00e9e ing\u00e9nierie des \u00e9nergies renouvelables, Rania Ismaili, [&hellip;]<\/p>\n","protected":false},"author":1760,"featured_media":0,"comment_status":"closed","ping_status":"closed","sticky":false,"template":"","format":"standard","meta":{"fifu_image_url":"","fifu_image_alt":"","footnotes":""},"categories":[73,54],"tags":[],"class_list":["post-67423","post","type-post","status-publish","format-standard","hentry","category-actualite","category-maroc"],"_links":{"self":[{"href":"https:\/\/linitiative.ca\/International\/wp-json\/wp\/v2\/posts\/67423","targetHints":{"allow":["GET"]}}],"collection":[{"href":"https:\/\/linitiative.ca\/International\/wp-json\/wp\/v2\/posts"}],"about":[{"href":"https:\/\/linitiative.ca\/International\/wp-json\/wp\/v2\/types\/post"}],"author":[{"embeddable":true,"href":"https:\/\/linitiative.ca\/International\/wp-json\/wp\/v2\/users\/1760"}],"replies":[{"embeddable":true,"href":"https:\/\/linitiative.ca\/International\/wp-json\/wp\/v2\/comments?post=67423"}],"version-history":[{"count":0,"href":"https:\/\/linitiative.ca\/International\/wp-json\/wp\/v2\/posts\/67423\/revisions"}],"wp:attachment":[{"href":"https:\/\/linitiative.ca\/International\/wp-json\/wp\/v2\/media?parent=67423"}],"wp:term":[{"taxonomy":"category","embeddable":true,"href":"https:\/\/linitiative.ca\/International\/wp-json\/wp\/v2\/categories?post=67423"},{"taxonomy":"post_tag","embeddable":true,"href":"https:\/\/linitiative.ca\/International\/wp-json\/wp\/v2\/tags?post=67423"}],"curies":[{"name":"wp","href":"https:\/\/api.w.org\/{rel}","templated":true}]}}