{"id":67424,"date":"2019-11-14T06:48:33","date_gmt":"2019-11-14T11:48:33","guid":{"rendered":"https:\/\/linitiative.ca\/International\/un-coup-dur-a-la-destination-en-reveil\/"},"modified":"2019-11-14T06:48:33","modified_gmt":"2019-11-14T11:48:33","slug":"un-coup-dur-a-la-destination-en-reveil","status":"publish","type":"post","link":"https:\/\/linitiative.ca\/International\/un-coup-dur-a-la-destination-en-reveil\/","title":{"rendered":"Un coup dur \u00e0 la destination en r\u00e9veil"},"content":{"rendered":"<p class=\"has-text-color has-vivid-cyan-blue-color\"><strong>Alors que la station baln\u00e9aire du Souss met les bouch\u00e9es doubles pour pr\u00e9tendre \u00e0 une certaine \u00e9claircie, la communaut\u00e9 du tourisme est fortement \u00e9branl\u00e9e par l\u2019arr\u00eat brutal de la base a\u00e9rienne Air Arabia, mise en service, sur Agadir depuis octobre 2017.<\/strong><\/p>\n<p>Cette suspension occasionne illico la perte de pas moins de 14 fr\u00e9quences par semaine, autrement dit 7 vols directs. L\u2019effet d\u2019une bombe atterre la destination baln\u00e9aire, suite \u00e0 ce nouvel \u00e9boulis qui frappe de plein fouet, une desserte en pleine embellie, du fait que la compagnie low cost assure des liaisons en partance de la capitale du Souss vers Dublin, Cologne, Manchester, Copenhague, Stockholm ou encore Toulouse.<\/p>\n<p>Sous pr\u00e9texte que ces annulations brutales sont dues au creux enregistr\u00e9 aux vols \u00e0 bas co\u00fbt, en raison de la chute de la vente par internet, la soci\u00e9t\u00e9 a\u00e9rienne pr\u00e9f\u00e8re limiter les d\u00e9g\u00e2ts en abrogeant carr\u00e9ment la base en question. Il s\u2019agit bel et bien du faible taux de remplissage ayant caus\u00e9 ipso facto aux caisses de la compagnie, des rentes en de\u00e7\u00e0 des aspirations escompt\u00e9es tel que pr\u00e9c\u00e9demment convenu avec les d\u00e9cideurs de tutelle.<\/p>\n<p>A en croire les causes de ces d\u00e9sistements inopin\u00e9s, il convient de dire que la d\u00e9gringolade accrue des flux de passagers en provenance des pays comme le Royaume-Uni et l\u2019Allemagne ou encore la France et la Scandinavie, march\u00e9s \u00e0 forts contingents touristiques, est sans ambages, puisque le taux d\u00e9choit \u00e0 moins de 50% de passagers, ce qui n\u2019arrange gu\u00e8re les int\u00e9r\u00eats de la compagnie a\u00e9rienne.<\/p>\n<p>En effet, on sentait fort bien qu\u2019elle allait proc\u00e9der \u00e0 de telles restrictions, depuis d\u00e9j\u00e0 quelques temps. L\u2019ablation pr\u00e9coce du vol qui reliait Agadir \u00e0 Stockholm \u00e9tait un pr\u00e9mice donnant des douches froides \u00e0 la destination, juste apr\u00e8s la signature du contrat quoique Air Arabia soit adh\u00e9rent au Conseil R\u00e9gional du Tourisme d\u2019Agadir.<\/p>\n<p>Peu apr\u00e8s, la compagnie met un terme au lien unissant son partenaire marocain et ne le r\u00e9it\u00e8re plus. On s\u2019attendait au d\u00e9part, que cette convention allait potentiellement r\u00e9chauffer les si\u00e8ges, insuffler des arriv\u00e9es et, partant, animer le trafic a\u00e9roportuaire. Mais, rien ne fut fait! Il est \u00e0 rappeler que la compagnie, en tant que prestataire, s\u2019\u00e9tait adjug\u00e9 le march\u00e9 lanc\u00e9 par l\u2019Office National Marocain de Tourisme (ONMT) en direction de 6 bases a\u00e9riennes nationales, \u00e0 savoir Casablanca, Nador, Tanger, F\u00e8s et Marrakech. Agadir devait se manifester bien apr\u00e8s, en avril 2017.<\/p>\n<p>La destination allait conna\u00eetre un entrain de promotion, autour de ses sept points de chute du vieux continent, avec tout ce que cela comporte de nomenclature pour tirer profit de cette belle opportunit\u00e9. En d\u00e9pit de cet effort titanesque investi pour cette fin qu\u2019on croyait aussi bien prometteuse que porteuse, le remplissage des si\u00e8ges se rabat dans la d\u00e9sillusion.<\/p>\n<p>En revanche, les vols internes au d\u00e9part d\u2019Agadir vers des villes marocaines, notamment Rabat, F\u00e8s, Tanger, assur\u00e9s par Ait Arabia, assurent le maintien, gr\u00e2ce \u00e0 la subvention d\u00e9bloqu\u00e9e par le conseil r\u00e9gional de Souss Massa, en partenariat avec le d\u00e9partement de tutelle.<\/p>\n<p class=\"c2\"><strong>Saoudi El\u00a0Amalki<\/strong><\/p>\n<p>Auteur: M&rsquo;hammed rahal<br \/>\n<a href=\"http:\/\/albayane.press.ma\/un-coup-dur-a-la-destination-en-reveil.html\">Cliquez ici pour lire l&rsquo;article depuis sa source.<\/a><\/p>\n","protected":false},"excerpt":{"rendered":"<p>Alors que la station baln\u00e9aire du Souss met les bouch\u00e9es doubles pour pr\u00e9tendre \u00e0 une certaine \u00e9claircie, la communaut\u00e9 du tourisme est fortement \u00e9branl\u00e9e par l\u2019arr\u00eat brutal de la base a\u00e9rienne Air Arabia, mise en service, sur Agadir depuis octobre 2017. Cette suspension occasionne illico la perte de pas moins de 14 fr\u00e9quences par semaine, [&hellip;]<\/p>\n","protected":false},"author":1760,"featured_media":0,"comment_status":"closed","ping_status":"closed","sticky":false,"template":"","format":"standard","meta":{"fifu_image_url":"","fifu_image_alt":"","footnotes":""},"categories":[73,54],"tags":[],"class_list":["post-67424","post","type-post","status-publish","format-standard","hentry","category-actualite","category-maroc"],"_links":{"self":[{"href":"https:\/\/linitiative.ca\/International\/wp-json\/wp\/v2\/posts\/67424","targetHints":{"allow":["GET"]}}],"collection":[{"href":"https:\/\/linitiative.ca\/International\/wp-json\/wp\/v2\/posts"}],"about":[{"href":"https:\/\/linitiative.ca\/International\/wp-json\/wp\/v2\/types\/post"}],"author":[{"embeddable":true,"href":"https:\/\/linitiative.ca\/International\/wp-json\/wp\/v2\/users\/1760"}],"replies":[{"embeddable":true,"href":"https:\/\/linitiative.ca\/International\/wp-json\/wp\/v2\/comments?post=67424"}],"version-history":[{"count":0,"href":"https:\/\/linitiative.ca\/International\/wp-json\/wp\/v2\/posts\/67424\/revisions"}],"wp:attachment":[{"href":"https:\/\/linitiative.ca\/International\/wp-json\/wp\/v2\/media?parent=67424"}],"wp:term":[{"taxonomy":"category","embeddable":true,"href":"https:\/\/linitiative.ca\/International\/wp-json\/wp\/v2\/categories?post=67424"},{"taxonomy":"post_tag","embeddable":true,"href":"https:\/\/linitiative.ca\/International\/wp-json\/wp\/v2\/tags?post=67424"}],"curies":[{"name":"wp","href":"https:\/\/api.w.org\/{rel}","templated":true}]}}