{"id":67425,"date":"2019-11-14T06:53:10","date_gmt":"2019-11-14T11:53:10","guid":{"rendered":"https:\/\/linitiative.ca\/International\/paradoxes\/"},"modified":"2019-11-14T06:53:10","modified_gmt":"2019-11-14T11:53:10","slug":"paradoxes","status":"publish","type":"post","link":"https:\/\/linitiative.ca\/International\/paradoxes\/","title":{"rendered":"Paradoxes !"},"content":{"rendered":"<p class=\"has-text-color has-vivid-cyan-blue-color\"><strong>Au moment o\u00f9 on disait que l\u2019int\u00e9r\u00eat allait \u00eatre enfin pr\u00eat sur la r\u00e9gion Souss Massa, Suite au discours royal de la marche verte, on se demandait \u00e9galement si la commune urbaine d\u2019Agadir et ses homologues ruraux seraient au rendez-vous de cette \u00e9closion fort attendue.<\/strong><\/p>\n<p>A voir la nature et le niveau aussi bien qualitatifs que productif de leur conseils repr\u00e9sentatifs respectifs, on a bien peur de se faire d\u00e9cevoir et d\u2019essuyer des revers crissants. Comment peut-on porter un nouveau souffle promotionnel dans les veines d\u2019un corps communal aussi mi\u00e8vre que mignard, sans vision ni visibilit\u00e9\u00a0? Mise \u00e0 part une infime minorit\u00e9 qui se d\u00e9bat au c\u0153ur du marais, la majorit\u00e9 \u00e9crasante des pr\u00e9sidents et leurs acolytes sont \u00e0 c\u00f4t\u00e9 de la plaque.Faisons un tour d\u2019horizon sur le littoral, la montagne et la plaine de toute de la pr\u00e9fecture!<\/p>\n<p>Tout d\u2019abord, il convient de signaler que la plupart des communes en particulier celles qui rel\u00e8vent de zones montagneuses ont \u00e9t\u00e9 constamment \u00abmonopolis\u00e9es\u00bb par le seul et unique parti politique. Cette mainmise qui a scell\u00e9 des d\u00e9cennies durant, un style de gestion fond\u00e9 sur le \u00ab\u00a0suivisme\u00a0\u00bb absolu du leader r\u00e9gional, sans aucun souci pour le patelin et ses populations. Le d\u00e9put\u00e9 qui, pendant des ann\u00e9es, a d\u00e9tenu les r\u00eanes de sa \u00abpropri\u00e9t\u00e9\u00bb, est constamment en litige judiciaire, sans parler de sa d\u00e9mission quasi totale, \u00e0 l\u2019\u00e9gard de sa contr\u00e9e richement attractive en termes de sites \u00e0 vocation de tourisme rural.<\/p>\n<p>Son compagnon qui pr\u00e9side une commune c\u00f4ti\u00e8re d\u2019\u00e0 c\u00f4t\u00e9 et dont les d\u00e9ficits de gestion ne se comptent plus, vient d\u2019\u00eatre croit-on savoir, \u00abremerci\u00e9\u00bb de son poste, sachant qu\u2019il s\u2019\u00e9tait d\u00e9j\u00e0 fait, \u00e0 maintes reprises, \u00e9pingler pour d\u2019ignobles conduites attentatoires aux m\u0153urs.<\/p>\n<p>Un peu plus loin, sur les plages attractives drainant des amateurs du sport nautique, des maires, sans nul potentiel, ne savent pas \u00e0 quel saint se vouer, sauf celui qui les m\u00e8ne \u00e0 leurs int\u00e9r\u00eats personnels. Au fa\u00eete des reliefs montagneux, notamment \u00e0 Tiqi, Tadrart, \u00e0 Aziar ou encore \u00e0 Aquesri, on est carr\u00e9ment face d\u2019\u00abignares\u00bb qui font la ris\u00e9e de toute la zone.<\/p>\n<p>Ceux de la r\u00e9gion Est de M\u2019sguine qui ont toujours \u00e0 la supr\u00e9matie du parti sus mentionn\u00e9, p\u00e8chent aussi par une d\u00e9sinvolture d\u00e9concertante, mettant \u00e0 genoux tout effort de changement, \u00e0 croire m\u00eame les citoyens correspondants. Quant \u00e0 la m\u00e9tropole, on ne peut nullement que leur sort vaut mieux que leurs homologues du milieu rural, \u00e0 l\u2019image de leur cr\u00e9ation av\u00e9r\u00e9e, leur imagination fort limit\u00e9e et leur incapacit\u00e9 inou\u00efe de faire marcher l\u2019un des p\u00f4les prometteurs du royaume\u2026<\/p>\n<p>Certes, le budget de ces communes rurales n\u2019est pas en mesure de faire des merveilles dans ces patelins. Mais, il faut aussi avouer pareillement qu\u2019avec les hommes de cette trempe, faiblards, soumis et voraces, on ne peut s\u2019attendre \u00e0 grand-chose. Et si l\u2019appel du Souverain ne cesse de r\u00e9sonner sur la n\u00e9cessit\u00e9 de Comp\u00e9tences pour esp\u00e9rer la r\u00e9g\u00e9n\u00e9ration des institutions, ce n\u2019est pas du tout des propos vains, mais exigences. Agadir devrait \u00e9viter ces r\u00e9alit\u00e9s am\u00e8res et \u00a0paradoxales, \u00e0 la veille des mutations de d\u00e9veloppent qui se pointent \u00e0 l\u2019horizon\u2026<\/p>\n<p>Auteur: M&rsquo;hammed rahal<br \/>\n<a href=\"http:\/\/albayane.press.ma\/paradoxes.html\">Cliquez ici pour lire l&rsquo;article depuis sa source.<\/a><\/p>\n","protected":false},"excerpt":{"rendered":"<p>Au moment o\u00f9 on disait que l\u2019int\u00e9r\u00eat allait \u00eatre enfin pr\u00eat sur la r\u00e9gion Souss Massa, Suite au discours royal de la marche verte, on se demandait \u00e9galement si la commune urbaine d\u2019Agadir et ses homologues ruraux seraient au rendez-vous de cette \u00e9closion fort attendue. A voir la nature et le niveau aussi bien qualitatifs [&hellip;]<\/p>\n","protected":false},"author":1760,"featured_media":0,"comment_status":"closed","ping_status":"closed","sticky":false,"template":"","format":"standard","meta":{"fifu_image_url":"","fifu_image_alt":"","footnotes":""},"categories":[73,54],"tags":[],"class_list":["post-67425","post","type-post","status-publish","format-standard","hentry","category-actualite","category-maroc"],"_links":{"self":[{"href":"https:\/\/linitiative.ca\/International\/wp-json\/wp\/v2\/posts\/67425","targetHints":{"allow":["GET"]}}],"collection":[{"href":"https:\/\/linitiative.ca\/International\/wp-json\/wp\/v2\/posts"}],"about":[{"href":"https:\/\/linitiative.ca\/International\/wp-json\/wp\/v2\/types\/post"}],"author":[{"embeddable":true,"href":"https:\/\/linitiative.ca\/International\/wp-json\/wp\/v2\/users\/1760"}],"replies":[{"embeddable":true,"href":"https:\/\/linitiative.ca\/International\/wp-json\/wp\/v2\/comments?post=67425"}],"version-history":[{"count":0,"href":"https:\/\/linitiative.ca\/International\/wp-json\/wp\/v2\/posts\/67425\/revisions"}],"wp:attachment":[{"href":"https:\/\/linitiative.ca\/International\/wp-json\/wp\/v2\/media?parent=67425"}],"wp:term":[{"taxonomy":"category","embeddable":true,"href":"https:\/\/linitiative.ca\/International\/wp-json\/wp\/v2\/categories?post=67425"},{"taxonomy":"post_tag","embeddable":true,"href":"https:\/\/linitiative.ca\/International\/wp-json\/wp\/v2\/tags?post=67425"}],"curies":[{"name":"wp","href":"https:\/\/api.w.org\/{rel}","templated":true}]}}