{"id":67426,"date":"2019-11-14T07:03:23","date_gmt":"2019-11-14T12:03:23","guid":{"rendered":"https:\/\/linitiative.ca\/International\/%ef%bb%bfmohamed-berrada-appelle-a-agir-en-faveur-de-lentreprise-de-presse\/"},"modified":"2019-11-14T07:03:23","modified_gmt":"2019-11-14T12:03:23","slug":"%ef%bb%bfmohamed-berrada-appelle-a-agir-en-faveur-de-lentreprise-de-presse","status":"publish","type":"post","link":"https:\/\/linitiative.ca\/International\/%ef%bb%bfmohamed-berrada-appelle-a-agir-en-faveur-de-lentreprise-de-presse\/","title":{"rendered":"\ufeffMohamed Berrada appelle \u00e0 agir en faveur de l\u2019entreprise de presse"},"content":{"rendered":"<p class=\"has-text-color has-vivid-cyan-blue-color\"><strong>Il est imp\u00e9ratif d\u2019inscrire la mise \u00e0 niveau de l\u2019entreprise de presse dans l\u2019esprit du nouveau mod\u00e8le de d\u00e9veloppement auquel aspire le Maroc, a estim\u00e9 mardi \u00e0 Rabat le journaliste Mohamed Berrada, ancien directeur g\u00e9n\u00e9ral de Sapress.<\/strong><\/p>\n<p>M. Berrada, qui \u00e9tait l\u2019invit\u00e9 du Forum de la MAP sur le th\u00e8me \u00ab\u00a0quel mod\u00e8le \u00e9conomique pour la presse aujourd\u2019hui : la presse papier va-t-elle dispara\u00eetre ?\u00a0\u00bb, a insist\u00e9 sur l\u2019urgence de faire \u00e9merger une nouvelle g\u00e9n\u00e9ration d\u2019entreprises de presse modernes en tant que revendication de toutes les parties prenantes dans ce domaine.<\/p>\n<p>\u00ab\u00a0Tel est un passage incontournable pour se doter de la presse que l\u2019on m\u00e9rite, d\u2019autant plus que son r\u00f4le demeure n\u00e9cessaire pour accompagner les grands chantiers en cours\u00a0\u00bb, a-t-il expliqu\u00e9.<\/p>\n<p>\u00a0Il a sous cet angle exprim\u00e9 le voeu de voir la question des m\u00e9dias b\u00e9n\u00e9ficier d\u2019une attention particuli\u00e8re, y compris dans l\u2019agenda de la commission sp\u00e9ciale charg\u00e9e du mod\u00e8le de d\u00e9veloppement.<\/p>\n<p>Selon lui, la compl\u00e9mentarit\u00e9 entre la presse en ligne et les journaux en papier demeure la solution optimale pour une cohabitation \u00e0 m\u00eame de r\u00e9pondre aux attentes de toutes les parties. Une telle perspective passe en particulier par une restructuration de l\u2019entreprise m\u00e9diatique afin de d\u00e9gager une vision claire sur les aspects \u00e0 d\u00e9velopper et \u00e0 moderniser en lien, notamment, avec le soutien et la publicit\u00e9, a pr\u00e9cis\u00e9 M. Berrada.<\/p>\n<p>Mais, d\u2019apr\u00e8s lui, il sera inconcevable de remettre sur les rails un chantier de ce genre sans se soucier des contributions de ceux qui font partie des pionniers de la presse nationale, \u00ab\u00a0dont quelques uns souffrent aujourd\u2019hui en silence\u00a0\u00bb.<\/p>\n<p>Sur un autre registre, il a fait observer que les mutations sociales ont eu pour effet d\u2019influer nettement les centres d\u2019int\u00e9r\u00eat et les tendances des lecteurs, plut\u00f4t connect\u00e9s \u00e0 l\u2019information express, \u00e0 la photo, \u00e0 la vid\u00e9o et \u00e0 l\u2019interaction rapide, souvent sans recherche des d\u00e9tails.<\/p>\n<p>Pami les facteurs de cette \u00e9volution notable, Berrada a cit\u00e9 le fragile mod\u00e8le \u00e9conomique de l\u2019entreprise m\u00e9diatique traditionnelle, largement ax\u00e9 sur le lecteur et la publicit\u00e9, et la mont\u00e9e en force de m\u00e9dias \u00e9lectroniques plus r\u00e9actifs dont le potentiel reste ind\u00e9niable en terme de r\u00e9activit\u00e9 imm\u00e9diate.<\/p>\n<p>Chiffres \u00e0 l\u2019appui, il a regrett\u00e9 que les journaux nationaux ne s\u2019assurent pas des niveaux de distribution \u00e0 la hauteur, affirmant que les chiffres de distribution ne r\u00e9v\u00e8lent pas l\u2019ampleur des progr\u00e8s accumul\u00e9s, ni les ambitions des \u00e9diteurs.<\/p>\n<p>Force est de constater, selon lui, que jusqu\u2019\u00e0 l\u2019\u00e2ge d\u2019or de la presse nationale durant les deux derni\u00e8res d\u00e9cennies du 20\u00e8me si\u00e8cle, les ventes de journaux ne totalisaient qu\u2019environ 500.000 exemplaires par jour, avant de chuter pour atteindre 120.000.<\/p>\n<p>Qualifiant ces chiffres de \u00ab\u00a0choquants\u00a0\u00bb, Mohamed Berrada a en tout cas relev\u00e9 qu\u2019en d\u00e9pit des moyens limit\u00e9s, les journaux nationaux ont jou\u00e9 des r\u00f4les honorables sur le front de la d\u00e9fense des int\u00e9r\u00eats sup\u00e9rieurs de la nation, en termes de mobilisation et d\u2019encadrement.<\/p>\n<p>Auteur: M&rsquo;hammed rahal<br \/>\n<a href=\"http:\/\/albayane.press.ma\/%EF%BB%BFmohamed-berrada-appelle-a-agir-en-faveur-de-lentreprise-de-presse.html\">Cliquez ici pour lire l&rsquo;article depuis sa source.<\/a><\/p>\n","protected":false},"excerpt":{"rendered":"<p>Il est imp\u00e9ratif d\u2019inscrire la mise \u00e0 niveau de l\u2019entreprise de presse dans l\u2019esprit du nouveau mod\u00e8le de d\u00e9veloppement auquel aspire le Maroc, a estim\u00e9 mardi \u00e0 Rabat le journaliste Mohamed Berrada, ancien directeur g\u00e9n\u00e9ral de Sapress. M. Berrada, qui \u00e9tait l\u2019invit\u00e9 du Forum de la MAP sur le th\u00e8me \u00ab\u00a0quel mod\u00e8le \u00e9conomique pour la [&hellip;]<\/p>\n","protected":false},"author":1760,"featured_media":0,"comment_status":"closed","ping_status":"closed","sticky":false,"template":"","format":"standard","meta":{"fifu_image_url":"","fifu_image_alt":"","footnotes":""},"categories":[73,54],"tags":[],"class_list":["post-67426","post","type-post","status-publish","format-standard","hentry","category-actualite","category-maroc"],"_links":{"self":[{"href":"https:\/\/linitiative.ca\/International\/wp-json\/wp\/v2\/posts\/67426","targetHints":{"allow":["GET"]}}],"collection":[{"href":"https:\/\/linitiative.ca\/International\/wp-json\/wp\/v2\/posts"}],"about":[{"href":"https:\/\/linitiative.ca\/International\/wp-json\/wp\/v2\/types\/post"}],"author":[{"embeddable":true,"href":"https:\/\/linitiative.ca\/International\/wp-json\/wp\/v2\/users\/1760"}],"replies":[{"embeddable":true,"href":"https:\/\/linitiative.ca\/International\/wp-json\/wp\/v2\/comments?post=67426"}],"version-history":[{"count":0,"href":"https:\/\/linitiative.ca\/International\/wp-json\/wp\/v2\/posts\/67426\/revisions"}],"wp:attachment":[{"href":"https:\/\/linitiative.ca\/International\/wp-json\/wp\/v2\/media?parent=67426"}],"wp:term":[{"taxonomy":"category","embeddable":true,"href":"https:\/\/linitiative.ca\/International\/wp-json\/wp\/v2\/categories?post=67426"},{"taxonomy":"post_tag","embeddable":true,"href":"https:\/\/linitiative.ca\/International\/wp-json\/wp\/v2\/tags?post=67426"}],"curies":[{"name":"wp","href":"https:\/\/api.w.org\/{rel}","templated":true}]}}