{"id":67427,"date":"2019-11-14T13:04:03","date_gmt":"2019-11-14T18:04:03","guid":{"rendered":"https:\/\/linitiative.ca\/International\/le-10e-festival-international-de-danse-contemporaine-prend-fin-a-alger\/"},"modified":"2019-11-14T13:04:03","modified_gmt":"2019-11-14T18:04:03","slug":"le-10e-festival-international-de-danse-contemporaine-prend-fin-a-alger","status":"publish","type":"post","link":"https:\/\/linitiative.ca\/International\/le-10e-festival-international-de-danse-contemporaine-prend-fin-a-alger\/","title":{"rendered":"Le 10e Festival international de danse contemporaine prend fin \u00e0 Alger"},"content":{"rendered":"<div readability=\"41\">\n<p class=\"c34\"><span class=\"c31\"><strong><span class=\"c30\">\u00a0<\/span><\/strong><\/span><strong><span class=\"c33\"><span class=\"c32\">ALGER- Le 10e Festival international de danse<\/span> contemporaine a pris fin mercredi soir \u00e0 Alger, dans une ambiance de grands<\/span> soirs, avec les prestations d&rsquo;Alg\u00e9rie, du Mali, de Russie, invit\u00e9 d&rsquo;honneur du festival et celle r\u00e9alis\u00e9e en master class avec une centaine d&rsquo;\u00e9tudiants alg\u00e9riens, devant un public relativement nombreux.<\/strong><\/p>\n<\/div>\n<div readability=\"161.916263534\">\n<p class=\"c34\"><span class=\"c33\"><span class=\"c32\">La cl\u00f4ture du 10e Festival international de danse contemporaine a \u00e9t\u00e9<\/span> marqu\u00e9e par les prestations alg\u00e9riennes, anim\u00e9es par le trio de la<\/span> Compagnie \u00ab\u00a0Kynsha\u00a0\u00bb de Annaba et la centaine d&rsquo;\u00e9tudiants en master class,qui, avec les autres performances alg\u00e9riennes pr\u00e9sent\u00e9es durant lefestival, d\u00e9notent de l&rsquo;existence d&rsquo;un creuset de jeunes chor\u00e9graphes et danseurs au grand potentiel cr\u00e9atif, promis \u00e0 de belles carri\u00e8res.<\/p>\n<p class=\"c34\"><span class=\"c33\"><span class=\"c32\">\u00ab\u00a0Qui sommes-nous ?\u00a0\u00bb, intitul\u00e9 de la performance, qualifi\u00e9e unanimement de<\/span> \u00ab\u00a0remarquable\u00a0\u00bb, que le trio annabi de la Compagnie \u00ab\u00a0Kynsha\u00a0\u00bb, compos\u00e9e des<\/span> jeunes, Amine Kiniouar, (auteur, chor\u00e9graphe et metteur en sc\u00e8ne), Sana\u00a0<span class=\"c33\"><span class=\"c32\">Chami et Baligh Ayad, a pr\u00e9sent\u00e9, traitant des m\u00e9faits du syst\u00e8me dans ses<\/span> pouvoirs \u00e0 transformer les \u00eatres en les montant les uns contre les autres.<\/span><\/p>\n<blockquote readability=\"13\">\n<p class=\"c34\"><strong><span class=\"c33\"><span class=\"c32\">Dans la gr\u00e2ce du mouveme<\/span>nt et la beaut\u00e9 du geste, la trame du spectacle a<\/span> \u00e9t\u00e9 d\u00e9roul\u00e9e en ellipses, depuis l&rsquo;\u00e2ge innocent de l&rsquo;enfance o\u00f9 les trois danseurs ex\u00e9cutent de belles figures esth\u00e9tiques \u00e9voquant, le bonheur\u00a0<span class=\"c33\"><span class=\"c32\">d&rsquo;\u00eatre ensemble dans l&rsquo;insouciance et l&rsquo;impunit\u00e9, jusqu&rsquo;au moment des<\/span> premi\u00e8res amours, violemment interrompues et r\u00e9prim\u00e9es par les regards<\/span> obliques d&rsquo;une soci\u00e9t\u00e9 devenue intol\u00e9rante et fanatique.<\/strong><\/p>\n<\/blockquote>\n<p class=\"c34\"><span class=\"c33\"><span class=\"c32\">Spectacle visuel hautement esth\u00e9tique et d&rsquo;une grande ma\u00eetrise technique,<\/span> \u00ab\u00a0Qui sommes-nous ?\u00a0\u00bb, a \u00e9t\u00e9 longtemps applaudi par le public, provoquant<\/span>l&rsquo;euphorie dans la salle.<\/p>\n<p class=\"c34\"><span class=\"c33\"><span class=\"c32\">Issus des master class -qui, selon les organisateurs, ont \u00ab\u00a0d\u00e9but\u00e9 d\u00e8s le 5<\/span> novembre dernier-, la centaine d&rsquo;\u00e9tudiants des \u00e9coles, instituts et<\/span> compagnies priv\u00e9es de toutes les r\u00e9gions d&rsquo;Alg\u00e9rie, intervenant \u00e0 l&rsquo;issue\u00a0<span class=\"c33\"><span class=\"c32\">de la soir\u00e9e, ont montr\u00e9 de grandes capacit\u00e9s \u00e0 laisser leurs corps dire<\/span> ses propres v\u00e9rit\u00e9s, \u00e0 travers le spectacle \u00ab\u00a0Il faut danser\u00a0\u00bb, con\u00e7u et mis<\/span> en sc\u00e8ne par le chor\u00e9graphe malien Aly Karembe.<\/p>\n<p class=\"c34\"><span class=\"c33\"><span class=\"c32\">Travaillant sur des figures esth\u00e9tiques compartiment\u00e9es, le metteur en<\/span> sc\u00e8ne a r\u00e9ussi \u00e0 cr\u00e9er une fresque harmonieuse, o\u00f9 chaque groupe ex\u00e9cutait<\/span> sa propre chor\u00e9graphie, exprimant le bien-\u00eatre par des cris de joie, pour former ensuite, une seule masse, guid\u00e9e par la fl\u00fbte de Chek Djalou, dans le r\u00f4le du griot, sous les applaudissements d&rsquo;un public conquis.<\/p>\n<hr\/>\n<p class=\"c34\"><span class=\"c33\"><span class=\"c32\">Lire aussi: <a href=\"http:\/\/www.aps.dz\/culture\/97443-festival-de-danse-contemporaine-une-nouvelle-generation-de-danseurs-algeriens-emerge\"><span class=\"highlight\">Festival<\/span>\u00a0de\u00a0<span class=\"highlight\">danse<\/span>\u00a0contemporaine: une nouvelle g\u00e9n\u00e9ration de danseurs alg\u00e9riens \u00e9merge\u00a0<\/a><\/span><\/span><\/p>\n<hr\/>\n<p class=\"c34\"><span class=\"c33\"><span class=\"c32\">Par ailleurs, les organisateurs du 10e Festival international de danse<\/span> contemporaine ont rendu hommage \u00e0 de grandes figures du 6e Art, la<\/span> regrett\u00e9e Zahra Benroba\u00ef, Ahmed Sellali, Abdelhamid Agabi, Fatma Zohra\u00a0<span class=\"c33\"><span class=\"c32\">Benalia et Riad Berroual, notamment.<\/span><\/span><\/p>\n<p class=\"c34\"><span class=\"c33\"><span class=\"c32\">La commissaire du festival, Fatma Zohra Namous Senouci, annon\u00e7ant au<\/span> public que le Mali sera l&rsquo;invit\u00e9 d&rsquo;honneur de la 11e \u00e9dition, a confi\u00e9 \u00e0<\/span> l&rsquo;APS que celle-ci \u00ab\u00a0aura lieu en 2020 \u00e0 Oran\u00a0\u00bb, affirmation confirm\u00e9e par le\u00a0<span class=\"c33\"><span class=\"c32\">directeur du Th\u00e9\u00e2tre r\u00e9gional d&rsquo;Oran, Mourad Senoussi.<\/span><\/span><\/p>\n<p class=\"c34\"><span class=\"c33\"><span class=\"c32\">Auparavant, la Compagnie malienne \u00ab\u00a0Karemba Studio\u00a0\u00bb, reconnue comme<\/span> institution de la danse contemporaine africaine, et \u0153uvrant depuis sa<\/span> cr\u00e9ation en 2000, \u00e0 la promotion de la culture africaine, a r\u00e9percut\u00e9 sur\u00a0<span class=\"c33\"><span class=\"c32\">la sc\u00e8ne artistique, \u00e0 travers son spectacle, \u00ab\u00a0Les sorciers\u00a0\u00bb, la tradition<\/span> ancestrale, dans une conception de la danse contemporaine franchement<\/span> inspir\u00e9e de la culture et danses populaires maliennes.<\/p>\n<blockquote readability=\"14\">\n<p class=\"c34\"><strong><span class=\"c33\"><span class=\"c32\">La troupe russe \u00ab\u00a0Raketa\u00a0\u00bb a, de son c\u00f4t\u00e9, pr\u00e9sent\u00e9 en quatre parties,<\/span> \u00ab\u00a0Tableaux russes\u00a0\u00bb, une performance \u00e9voquant, la relation entre l&rsquo;homme et<\/span> la femme, le respect du pain et de la terre, la n\u00e9cessit\u00e9 de s&rsquo;aimer et la\u00a0<span class=\"c33\"><span class=\"c32\">splendeur du printemps.<\/span><\/span><\/strong><\/p>\n<\/blockquote>\n<p class=\"c34\"><span class=\"c33\"><span class=\"c32\">En pr\u00e9sence de hauts responsables du minist\u00e8re de la Culture, de l&rsquo;experte<\/span> internationale \u00e0 l&rsquo;Organisation pour l<\/span><span class=\"c33\"><span class=\"c32\">&lsquo;Education, la Science et la Culture<\/span> des Nations unies (Unesco), Christine Merkel, et des repr\u00e9sentants des<\/span> <span class=\"c33\"><span class=\"c32\">missions diplomatiques accr\u00e9dit\u00e9es \u00e0 Alger, celles de la Russie, invit\u00e9<\/span> d&rsquo;honneur, et du Mali notamment, l\u2019assistance a appr\u00e9ci\u00e9 de belles po\u00e9sies<\/span> en mouvement, savourant chaque moment de la soir\u00e9e dans l\u2019all\u00e9gresse et la volupt\u00e9.<\/p>\n<p class=\"c34\"><span class=\"c33\"><span class=\"c32\">Outre les troupes alg\u00e9riennes, des ensembles de Russie, Mali, Hongrie,<\/span>Egypte, Maroc, Tunisie, France, Espagne, Portugal, Syrie et Ukraine, ont<\/span> anim\u00e9 le 10e Festival culturel international de la danse contemporaine\u00a0<span class=\"c33\"><span class=\"c32\">d\u2019Alger, organis\u00e9 \u00e0 l&rsquo;Op\u00e9ra d&rsquo;Alger du 9 au 13 novembre, sous l&rsquo;\u00e9gide du<\/span> minist\u00e8re de la Culture.<\/span><\/p>\n<p class=\"c34\"><span class=\"c35\">\u00a0<\/span><\/p>\n<p class=\"c34\">\u00a0<\/p>\n<p class=\"c34\"><span class=\"c35\">\u00a0<\/span><\/p>\n<p class=\"c34\"><span class=\"c35\">\u00a0<\/span><\/p>\n<\/div>\n<p>Auteur:<br \/>\n<a href=\"http:\/\/www.aps.dz\/culture\/97469-le-10e-festival-international-de-danse-contemporaine-prend-fin-a-alger\">Cliquez ici pour lire l&rsquo;article depuis sa source.<\/a><\/p>\n","protected":false},"excerpt":{"rendered":"<p>\u00a0ALGER- Le 10e Festival international de danse contemporaine a pris fin mercredi soir \u00e0 Alger, dans une ambiance de grands soirs, avec les prestations d&rsquo;Alg\u00e9rie, du Mali, de Russie, invit\u00e9 d&rsquo;honneur du festival et celle r\u00e9alis\u00e9e en master class avec une centaine d&rsquo;\u00e9tudiants alg\u00e9riens, devant un public relativement nombreux. La cl\u00f4ture du 10e Festival international [&hellip;]<\/p>\n","protected":false},"author":1790,"featured_media":0,"comment_status":"closed","ping_status":"closed","sticky":false,"template":"","format":"standard","meta":{"fifu_image_url":"","fifu_image_alt":"","footnotes":""},"categories":[53,79],"tags":[],"class_list":["post-67427","post","type-post","status-publish","format-standard","hentry","category-algerie","category-culture"],"_links":{"self":[{"href":"https:\/\/linitiative.ca\/International\/wp-json\/wp\/v2\/posts\/67427","targetHints":{"allow":["GET"]}}],"collection":[{"href":"https:\/\/linitiative.ca\/International\/wp-json\/wp\/v2\/posts"}],"about":[{"href":"https:\/\/linitiative.ca\/International\/wp-json\/wp\/v2\/types\/post"}],"author":[{"embeddable":true,"href":"https:\/\/linitiative.ca\/International\/wp-json\/wp\/v2\/users\/1790"}],"replies":[{"embeddable":true,"href":"https:\/\/linitiative.ca\/International\/wp-json\/wp\/v2\/comments?post=67427"}],"version-history":[{"count":0,"href":"https:\/\/linitiative.ca\/International\/wp-json\/wp\/v2\/posts\/67427\/revisions"}],"wp:attachment":[{"href":"https:\/\/linitiative.ca\/International\/wp-json\/wp\/v2\/media?parent=67427"}],"wp:term":[{"taxonomy":"category","embeddable":true,"href":"https:\/\/linitiative.ca\/International\/wp-json\/wp\/v2\/categories?post=67427"},{"taxonomy":"post_tag","embeddable":true,"href":"https:\/\/linitiative.ca\/International\/wp-json\/wp\/v2\/tags?post=67427"}],"curies":[{"name":"wp","href":"https:\/\/api.w.org\/{rel}","templated":true}]}}