{"id":67428,"date":"2019-11-14T13:04:06","date_gmt":"2019-11-14T18:04:06","guid":{"rendered":"https:\/\/linitiative.ca\/International\/le-jazz-manouche-a-lhonneur-a-la-2e-soiree-du-dimajazz-2019\/"},"modified":"2019-11-14T13:04:06","modified_gmt":"2019-11-14T18:04:06","slug":"le-jazz-manouche-a-lhonneur-a-la-2e-soiree-du-dimajazz-2019","status":"publish","type":"post","link":"https:\/\/linitiative.ca\/International\/le-jazz-manouche-a-lhonneur-a-la-2e-soiree-du-dimajazz-2019\/","title":{"rendered":"Le Jazz Manouche \u00e0 l&rsquo;honneur \u00e0 la 2e soir\u00e9e du Dimajazz 2019"},"content":{"rendered":"<div readability=\"38\">\n<p><strong>CONSTANTINE- Le quartet Ecca a offert dans la soir\u00e9e de mercredi \u00e0 jeudi un somptueux moment de jazz manouche au public Constantinois, qui fid\u00e8le \u00e0 ses habitudes, a afflu\u00e9 en nombre au th\u00e9\u00e2tre r\u00e9gional Mohamed- Tahar Fergani, lors de la deuxi\u00e8me soir\u00e9e de la 16<sup>e<\/sup> \u00a0\u00e9dition du festival international de jazz Dimajazz.<\/strong><\/p>\n<\/div>\n<div readability=\"72.4578754579\">\n<p>Programm\u00e9 en premi\u00e8re partie de soir\u00e9e, le quatuor compos\u00e9 des guitaristes\u00a0 Benoit Convert et Yannick Alcocer, du contrebassiste Sylvain Pourrat et le violoniste Remi Crambes, ont \u00e9bloui l&rsquo;assistance en insufflant un vent de\u00a0modernit\u00e9 sur l&rsquo;h\u00e9ritage manouche.<\/p>\n<blockquote readability=\"16\">\n<p><strong>Avec un r\u00e9pertoire faisant la part belle \u00e0 des grands noms du Jazz tels que Django Reinhardt, George Gershwin ou encore Miles Davis, ce quartet a revisit\u00e9 \u00e0 la sauce gypsy les grands classiques que sont \u00a0\u00bbcoquette\u00a0\u00bb\u00a0,\u00a0\u00bbbelleville\u00a0\u00bb ,\u00a0\u00bbOh lady be good\u00a0\u00bb,\u00a0\u00bbI got a rhythm\u00a0\u00bbou \u00a0\u00bbSweat georgio brown\u2019\u2019 , pour laisser appr\u00e9cier une musique compl\u00e8tement originale,marqu\u00e9e par une ligne m\u00e9lodique moderne ,une section rythmique raffin\u00e9e et\u00a0un violon bien soign\u00e9.<\/strong><\/p>\n<\/blockquote>\n<p>Prenant beaucoup de plaisir \u00e0 jouer ensemble, les 4 musiciens lyonnais \u00e0 la virtuosit\u00e9 \u00e9patante et aux improvisations enivrantes ont \u00e9t\u00e9 longuement ovationn\u00e9s par le public \u00e0 l&rsquo;issue de leur partition.<\/p>\n<hr\/>\n<p>Lire aussi:\u00a0\u00a0<a href=\"http:\/\/www.aps.dz\/culture\/97405-festival-dimajazz-djam-offre-un-spectacle-haut-en-couleurs-aux-sonorites-africaines\">Festival\u00a0<span class=\"highlight\">Dimajazz<\/span>: Djam offre un spectacle haut en couleurs aux sonorit\u00e9s africaines\u00a0<\/a><\/p>\n<hr\/>\n<p>La magie du spectacle a continu\u00e9 \u00e0 op\u00e9rer avec l&rsquo;artiste franco-togolais AyiT\u00e9 qui a pris le relais pour transporter le public vers un univers musical plac\u00e9 au carrefour de l\u2019Afrique et de l\u2019occident.<\/p>\n<p>Pendant plus d&rsquo;une heure et demie, AyiT\u00e9 de son vrai nom Olivier Ajavon a litt\u00e9ralement enflamm\u00e9 le th\u00e9\u00e2tre de Constantine au son de m\u00e9lodies m\u00ealant habilement les couleurs d\u2019une enfance africaine et les accents plus\u00a0occidentaux inspir\u00e9s par sa vie de jeune adulte.<\/p>\n<blockquote readability=\"7\">\n<p><strong>D\u00e9bordant d&rsquo;\u00e9nergie, le chanteur et ses compagnons de sc\u00e8ne ont conjugu\u00e9 les styles musicaux pour pr\u00e9senter une dizaine de morceaux tir\u00e9s de son album \u2018\u2019Togoville\u2019\u2019 .<\/strong><\/p>\n<\/blockquote>\n<p>La seizi\u00e8me \u00e9dition du festival international du jazz, Dimajazz, se poursuivra jusqu\u2019au 16 novembre avec un menu tr\u00e8s prometteur qui propose,entre autres, le projet \u00a0\u00bbReflejos con Barry\u00a0\u00bb avec Lukas Schiemer et Beate Reiermann, deux figures incontournables de de la sc\u00e8ne de jazz viennoise,le duo \u00a0\u00bbDuoud\u00a0\u00bb, \u00ab Grooz \u00bb et le Wonder Collective &#8211; Tribute to Stevie Wonder (WOCO), qui rendra hommage \u00e0 l&rsquo;\u0153uvre de la l\u00e9gende de la Soul : Stevie Wonder.<\/p>\n<\/div>\n<p>Auteur:<br \/>\n<a href=\"http:\/\/www.aps.dz\/culture\/97471-le-jazz-manouche-a-l-honneur-a-la-2e-soiree-du-dimajazz-2019\">Cliquez ici pour lire l&rsquo;article depuis sa source.<\/a><\/p>\n","protected":false},"excerpt":{"rendered":"<p>CONSTANTINE- Le quartet Ecca a offert dans la soir\u00e9e de mercredi \u00e0 jeudi un somptueux moment de jazz manouche au public Constantinois, qui fid\u00e8le \u00e0 ses habitudes, a afflu\u00e9 en nombre au th\u00e9\u00e2tre r\u00e9gional Mohamed- Tahar Fergani, lors de la deuxi\u00e8me soir\u00e9e de la 16e \u00a0\u00e9dition du festival international de jazz Dimajazz. Programm\u00e9 en premi\u00e8re [&hellip;]<\/p>\n","protected":false},"author":1790,"featured_media":0,"comment_status":"closed","ping_status":"closed","sticky":false,"template":"","format":"standard","meta":{"fifu_image_url":"","fifu_image_alt":"","footnotes":""},"categories":[53,79],"tags":[],"class_list":["post-67428","post","type-post","status-publish","format-standard","hentry","category-algerie","category-culture"],"_links":{"self":[{"href":"https:\/\/linitiative.ca\/International\/wp-json\/wp\/v2\/posts\/67428","targetHints":{"allow":["GET"]}}],"collection":[{"href":"https:\/\/linitiative.ca\/International\/wp-json\/wp\/v2\/posts"}],"about":[{"href":"https:\/\/linitiative.ca\/International\/wp-json\/wp\/v2\/types\/post"}],"author":[{"embeddable":true,"href":"https:\/\/linitiative.ca\/International\/wp-json\/wp\/v2\/users\/1790"}],"replies":[{"embeddable":true,"href":"https:\/\/linitiative.ca\/International\/wp-json\/wp\/v2\/comments?post=67428"}],"version-history":[{"count":0,"href":"https:\/\/linitiative.ca\/International\/wp-json\/wp\/v2\/posts\/67428\/revisions"}],"wp:attachment":[{"href":"https:\/\/linitiative.ca\/International\/wp-json\/wp\/v2\/media?parent=67428"}],"wp:term":[{"taxonomy":"category","embeddable":true,"href":"https:\/\/linitiative.ca\/International\/wp-json\/wp\/v2\/categories?post=67428"},{"taxonomy":"post_tag","embeddable":true,"href":"https:\/\/linitiative.ca\/International\/wp-json\/wp\/v2\/tags?post=67428"}],"curies":[{"name":"wp","href":"https:\/\/api.w.org\/{rel}","templated":true}]}}