{"id":67429,"date":"2019-11-14T13:04:10","date_gmt":"2019-11-14T18:04:10","guid":{"rendered":"https:\/\/linitiative.ca\/International\/yuli-et-karma-projetes-a-lavant-dernier-jour-du-fica\/"},"modified":"2019-11-14T13:04:10","modified_gmt":"2019-11-14T18:04:10","slug":"yuli-et-karma-projetes-a-lavant-dernier-jour-du-fica","status":"publish","type":"post","link":"https:\/\/linitiative.ca\/International\/yuli-et-karma-projetes-a-lavant-dernier-jour-du-fica\/","title":{"rendered":"\u00ab\u00a0Yuli\u00a0\u00bb et \u00ab\u00a0Karma\u00a0\u00bb projet\u00e9s \u00e0 l&rsquo;avant dernier jour du FICA"},"content":{"rendered":"<div readability=\"35\">\n<p><strong>ALGER- Les longs m\u00e9trages espagnol \u00ab\u00a0Yuli\u00a0\u00bb et \u00e9gyptien \u00ab\u00a0Karma\u00a0\u00bb ont \u00e9t\u00e9 projet\u00e9s, mercredi \u00e0 Alger, dans le cadre du 10e Festival international du cin\u00e9ma d\u2019Alger (Fica).<\/strong><\/p>\n<\/div>\n<div readability=\"99\">\n<p>R\u00e9alis\u00e9 par Iciar Bollain, \u00ab\u00a0Yuli\u00a0\u00bb raconte la vie et l&rsquo;\u0153uvre du danseur cubain Carlos Acosta. Pour l&rsquo;aider \u00e0 \u00e9chapper \u00e0 la mis\u00e8re, Pedro Acosta, le p\u00e8re de ce jeune cubain surdou\u00e9 et au caract\u00e8re impr\u00e9visible l&rsquo;incite \u00e0 \u00e9tudier la danse dans les meilleures \u00e9coles de son pays.<\/p>\n<p>L&rsquo;adolescent rebelle ren\u00e2cle, puis s&rsquo;ex\u00e9cute. Quelques ann\u00e9es plus tard, il deviendra une star du Royal Ballet de Londres.<\/p>\n<p>Dans \u00ab\u00a0Yuli\u00a0\u00bb, Iciar Bollain retrace le parcours du c\u00e9l\u00e8bre danseur cubain Carlos Acosta qui incarne son propre r\u00f4le dans la fiction. Le film dresse, n\u00e9anmoins, le portrait de ce danseur atypique, farouchement attach\u00e9 \u00e0 sa terre natale.<\/p>\n<p>Dans ce film, \u00e9crit par le sc\u00e9nariste Paul Laverty (\u00e9poux de la r\u00e9alisatrice), le danseur Carlos Acosta joue le r\u00f4le de Carlos le quadrag\u00e9naire, Edilson Manuel Olvera le r\u00f4le de Carlos Acosta enfant et\u00a0Kevyin Martinez celui de Carlos Acosta jeune.\u00a0 Santiago Alfonso interpr\u00e8te le r\u00f4le de Pedro Acosta, p\u00e8re du danseur.\u00a0\u00a0\u00a0\u00a0\u00a0\u00a0\u00a0\u00a0<\/p>\n<p>N\u00e9e en 1967 \u00e0 Madrid, la r\u00e9alisatrice et sc\u00e9nariste Iciar Bollain a commenc\u00e9 sa carri\u00e8re en tant qu&rsquo;actrice \u00e0 l&rsquo;\u00e2ge de 15 ans. Au d\u00e9but de 1991, elle fonde une maison de production. En 1996, elle r\u00e9alise son\u00a0premier film \u00ab\u00a0Coucou, tu est seule?\u00a0\u00bb qui a eu un grand succ\u00e8s dans son pays.<\/p>\n<blockquote readability=\"5\">\n<p><strong>Sa derni\u00e8re \u0153uvre \u00ab\u00a0Yuli\u00a0\u00bb a particip\u00e9 \u00e0 plusieurs festivals et a \u00e9t\u00e9 plusieurs fois prim\u00e9e.<\/strong><\/p>\n<\/blockquote>\n<p>La deuxi\u00e8me partie de la soir\u00e9e a \u00e9t\u00e9 r\u00e9serv\u00e9e au long m\u00e9trage \u00e9gyptien \u00ab\u00a0Karma\u00a0\u00bb (2018) r\u00e9alis\u00e9 par Khaled Youssef.<\/p>\n<p>Ce film qui traite des disparit\u00e9s ethniques, religieuses et financi\u00e8res qui divisent la soci\u00e9t\u00e9, raconte l&rsquo;histoire d'\u00a0\u00bbAdham\u00a0\u00bb, un homme d&rsquo;affaire musulman qui veut raser les bidonvilles du Caire pour r\u00e9cup\u00e9rer les terrains et y construire des r\u00e9sidences luxueuses et qui rencontre dans un r\u00eave \u00ab\u00a0Watani\u00a0\u00bb, un ch\u00f4meur chr\u00e9tien qui souhaiterai prendre sa place. La trame du film prend une toute autre allure lorsque les deux personnages \u00e9changent leur r\u00f4les et chacun d&rsquo;entre eux tente, alors, de changer l&rsquo;aspect n\u00e9gatif de l&rsquo;autre.<\/p>\n<p>Ce long m\u00e9trage a \u00e9t\u00e9 interpr\u00e9t\u00e9 par les acteurs Amr Saad, Ghada Abdelrazak, Khalid El Sawi, Maged El Masri et Dalal Abdelaziz.<\/p>\n<p>N\u00e9 en 1964, Khaled Youssef \u00e9tait l&rsquo;assistant du c\u00e9l\u00e8bre r\u00e9alisateur \u00e9gyptien Youssef Chahine. Il a \u00e9crit avec lui le sc\u00e9nario de plusieurs de ses films.<\/p>\n<p>Apr\u00e8s une rupture avec le cin\u00e9ma depuis 2011 pour avoir int\u00e9grer le monde de la politique en tant que d\u00e9put\u00e9 parlementaire, Khaled Youssef a renou\u00e9, l&rsquo;an dernier, avec le septi\u00e8me art \u00e0 travers avec sa derni\u00e8re \u0153uvre \u00ab\u00a0Karma\u00a0\u00bb.<\/p>\n<\/div>\n<p>Auteur:<br \/>\n<a href=\"http:\/\/www.aps.dz\/culture\/97477-yuli-et-karma-projetes-a-l-avant-dernier-jour-du-fica\">Cliquez ici pour lire l&rsquo;article depuis sa source.<\/a><\/p>\n","protected":false},"excerpt":{"rendered":"<p>ALGER- Les longs m\u00e9trages espagnol \u00ab\u00a0Yuli\u00a0\u00bb et \u00e9gyptien \u00ab\u00a0Karma\u00a0\u00bb ont \u00e9t\u00e9 projet\u00e9s, mercredi \u00e0 Alger, dans le cadre du 10e Festival international du cin\u00e9ma d\u2019Alger (Fica). R\u00e9alis\u00e9 par Iciar Bollain, \u00ab\u00a0Yuli\u00a0\u00bb raconte la vie et l&rsquo;\u0153uvre du danseur cubain Carlos Acosta. Pour l&rsquo;aider \u00e0 \u00e9chapper \u00e0 la mis\u00e8re, Pedro Acosta, le p\u00e8re de ce jeune [&hellip;]<\/p>\n","protected":false},"author":1790,"featured_media":0,"comment_status":"closed","ping_status":"closed","sticky":false,"template":"","format":"standard","meta":{"fifu_image_url":"","fifu_image_alt":"","footnotes":""},"categories":[53,79],"tags":[],"class_list":["post-67429","post","type-post","status-publish","format-standard","hentry","category-algerie","category-culture"],"_links":{"self":[{"href":"https:\/\/linitiative.ca\/International\/wp-json\/wp\/v2\/posts\/67429","targetHints":{"allow":["GET"]}}],"collection":[{"href":"https:\/\/linitiative.ca\/International\/wp-json\/wp\/v2\/posts"}],"about":[{"href":"https:\/\/linitiative.ca\/International\/wp-json\/wp\/v2\/types\/post"}],"author":[{"embeddable":true,"href":"https:\/\/linitiative.ca\/International\/wp-json\/wp\/v2\/users\/1790"}],"replies":[{"embeddable":true,"href":"https:\/\/linitiative.ca\/International\/wp-json\/wp\/v2\/comments?post=67429"}],"version-history":[{"count":0,"href":"https:\/\/linitiative.ca\/International\/wp-json\/wp\/v2\/posts\/67429\/revisions"}],"wp:attachment":[{"href":"https:\/\/linitiative.ca\/International\/wp-json\/wp\/v2\/media?parent=67429"}],"wp:term":[{"taxonomy":"category","embeddable":true,"href":"https:\/\/linitiative.ca\/International\/wp-json\/wp\/v2\/categories?post=67429"},{"taxonomy":"post_tag","embeddable":true,"href":"https:\/\/linitiative.ca\/International\/wp-json\/wp\/v2\/tags?post=67429"}],"curies":[{"name":"wp","href":"https:\/\/api.w.org\/{rel}","templated":true}]}}