{"id":67435,"date":"2019-11-13T14:27:09","date_gmt":"2019-11-13T19:27:09","guid":{"rendered":"https:\/\/linitiative.ca\/International\/trafic-de-silicium-un-individu-et-sa-soeur-arretes\/"},"modified":"2019-11-13T14:27:09","modified_gmt":"2019-11-13T19:27:09","slug":"trafic-de-silicium-un-individu-et-sa-soeur-arretes","status":"publish","type":"post","link":"https:\/\/linitiative.ca\/International\/trafic-de-silicium-un-individu-et-sa-soeur-arretes\/","title":{"rendered":"Trafic de silicium: Un individu et sa soeur arr\u00eat\u00e9s"},"content":{"rendered":"<div class=\"single-featured\"><img alt=\"\" data-src=\"http:\/\/www.mapmarrakech.ma\/map\/uploads\/2019\/11\/policemarrakechnouvelle-1.jpg\"\/><\/div>\n<div class=\"single-post-excerpt post-excerpt-bc\" readability=\"37\">\n<p>Marrakech \u2013 Les services du district de police de Mhamid ont arr\u00eat\u00e9, mardi, un individu, aux multiples ant\u00e9c\u00e9dents judiciaires, et sa s\u0153ur pour trafic de silicium.<\/p>\n<\/div>\n<div class=\"entry-content clearfix single-post-content\" readability=\"53\">\n<p>Selon une source s\u00e9curitaire, les deux mis en cause, qui faisaient l\u2019objet d\u2019un avis de recherche \u00e0 l\u2019\u00e9chelle locale pour trafic de ce produit et op\u00e9raient au niveau du bloc 25 de l\u2019ancien quartier de Mhamid, ont \u00e9t\u00e9 interpell\u00e9s par les \u00e9l\u00e9ments du 20\u00e8me arrondissement de police qui ont interagi avec les plaintes d\u00e9pos\u00e9es par les habitants et les acteurs de la soci\u00e9t\u00e9 civile.<\/p>\n<p>L\u2019arrestation des deux pr\u00e9venus a ainsi suscit\u00e9 un \u00e9cho favorable aupr\u00e8s des habitants et des acteurs associatifs, souligne la m\u00eame source, pr\u00e9cisant que 27 tubes de silicium et une importante somme d\u2019argent, compos\u00e9e essentiellement de pi\u00e8ces de 10 DH issues des ventes de ce produit, ont \u00e9t\u00e9 saisis.<\/p>\n<p>Les deux mis en cause ont \u00e9t\u00e9 plac\u00e9s en garde \u00e0 vue, sous la supervision du Parquet g\u00e9n\u00e9ral comp\u00e9tent, pour les besoins de l\u2019enqu\u00eate, en attendant d\u2019\u00eatre d\u00e9f\u00e9r\u00e9s devant la justice.<\/p>\n<\/div>\n<p>Auteur: Meriem IGASS<br \/>\n<a href=\"http:\/\/www.mapmarrakech.ma\/fr\/silicium\/\">Cliquez ici pour lire l&rsquo;article depuis sa source.<\/a><\/p>\n","protected":false},"excerpt":{"rendered":"<p>Marrakech \u2013 Les services du district de police de Mhamid ont arr\u00eat\u00e9, mardi, un individu, aux multiples ant\u00e9c\u00e9dents judiciaires, et sa s\u0153ur pour trafic de silicium. Selon une source s\u00e9curitaire, les deux mis en cause, qui faisaient l\u2019objet d\u2019un avis de recherche \u00e0 l\u2019\u00e9chelle locale pour trafic de ce produit et op\u00e9raient au niveau du [&hellip;]<\/p>\n","protected":false},"author":1788,"featured_media":67436,"comment_status":"closed","ping_status":"closed","sticky":false,"template":"","format":"standard","meta":{"fifu_image_url":"","fifu_image_alt":"","footnotes":""},"categories":[54,76],"tags":[],"class_list":["post-67435","post","type-post","status-publish","format-standard","has-post-thumbnail","hentry","category-maroc","category-regions"],"_links":{"self":[{"href":"https:\/\/linitiative.ca\/International\/wp-json\/wp\/v2\/posts\/67435","targetHints":{"allow":["GET"]}}],"collection":[{"href":"https:\/\/linitiative.ca\/International\/wp-json\/wp\/v2\/posts"}],"about":[{"href":"https:\/\/linitiative.ca\/International\/wp-json\/wp\/v2\/types\/post"}],"author":[{"embeddable":true,"href":"https:\/\/linitiative.ca\/International\/wp-json\/wp\/v2\/users\/1788"}],"replies":[{"embeddable":true,"href":"https:\/\/linitiative.ca\/International\/wp-json\/wp\/v2\/comments?post=67435"}],"version-history":[{"count":0,"href":"https:\/\/linitiative.ca\/International\/wp-json\/wp\/v2\/posts\/67435\/revisions"}],"wp:featuredmedia":[{"embeddable":true,"href":"https:\/\/linitiative.ca\/International\/wp-json\/"}],"wp:attachment":[{"href":"https:\/\/linitiative.ca\/International\/wp-json\/wp\/v2\/media?parent=67435"}],"wp:term":[{"taxonomy":"category","embeddable":true,"href":"https:\/\/linitiative.ca\/International\/wp-json\/wp\/v2\/categories?post=67435"},{"taxonomy":"post_tag","embeddable":true,"href":"https:\/\/linitiative.ca\/International\/wp-json\/wp\/v2\/tags?post=67435"}],"curies":[{"name":"wp","href":"https:\/\/api.w.org\/{rel}","templated":true}]}}