{"id":67437,"date":"2019-11-13T15:52:14","date_gmt":"2019-11-13T20:52:14","guid":{"rendered":"https:\/\/linitiative.ca\/International\/lhopital-salama-se-dote-dappareils-medicaux\/"},"modified":"2019-11-13T15:52:14","modified_gmt":"2019-11-13T20:52:14","slug":"lhopital-salama-se-dote-dappareils-medicaux","status":"publish","type":"post","link":"https:\/\/linitiative.ca\/International\/lhopital-salama-se-dote-dappareils-medicaux\/","title":{"rendered":"L\u2019h\u00f4pital Salama se dote d\u2019appareils m\u00e9dicaux"},"content":{"rendered":"<div class=\"single-featured\"><img alt=\"\" data-src=\"http:\/\/www.mapmarrakech.ma\/map\/uploads\/2019\/11\/hopitalkelaadesraghna-copier.jpg\"\/><\/div>\n<div class=\"single-post-excerpt post-excerpt-bc\" readability=\"37\">\n<p>El Kela\u00e2 des Sraghna \u2013 L\u2019h\u00f4pital provincial Salama \u00e0 El Kela\u00e2 des Sraghna vient d\u2019\u00eatre dot\u00e9 de deux appareils m\u00e9dicaux compl\u00e9mentaires de radiologie et d\u2019\u00e9chographie, acquis par le conseil de la r\u00e9gion de Marrakech-Safi pour un co\u00fbt de pr\u00e8s d\u2019un million de DH, dans le cadre des efforts visant le renforcement de l\u2019offre sanitaire au niveau de cette province.<\/p>\n<\/div>\n<div class=\"entry-content clearfix single-post-content\" readability=\"40\">\n<p>La remise de ces \u00e9quipements intervient apr\u00e8s une op\u00e9ration similaire d\u2019une valeur de plus d\u2019un million de DH, dont avait b\u00e9n\u00e9fici\u00e9 la province d\u2019El Kela\u00e2 des Sraghna en 2018.<\/p>\n<p>A noter que les provinces de Rhamna et de Chichaoua ainsi que le <span class=\"st\">Centre Hospitalier Universitaire Mohammed VI de Marrakech<\/span> (CHU) ont \u00e9galement b\u00e9n\u00e9fici\u00e9 d\u2019\u00e9quipements m\u00e9dicaux r\u00e9pondant aux standards internationaux, alors que les autres provinces de la r\u00e9gion devraient b\u00e9n\u00e9ficier d\u2019op\u00e9rations similaires dans les prochaines semaines.<\/p>\n<\/div>\n<p>Auteur: Meriem IGASS<br \/>\n<a href=\"http:\/\/www.mapmarrakech.ma\/fr\/medicaux\/\">Cliquez ici pour lire l&rsquo;article depuis sa source.<\/a><\/p>\n","protected":false},"excerpt":{"rendered":"<p>El Kela\u00e2 des Sraghna \u2013 L\u2019h\u00f4pital provincial Salama \u00e0 El Kela\u00e2 des Sraghna vient d\u2019\u00eatre dot\u00e9 de deux appareils m\u00e9dicaux compl\u00e9mentaires de radiologie et d\u2019\u00e9chographie, acquis par le conseil de la r\u00e9gion de Marrakech-Safi pour un co\u00fbt de pr\u00e8s d\u2019un million de DH, dans le cadre des efforts visant le renforcement de l\u2019offre sanitaire au [&hellip;]<\/p>\n","protected":false},"author":1788,"featured_media":67438,"comment_status":"closed","ping_status":"closed","sticky":false,"template":"","format":"standard","meta":{"fifu_image_url":"","fifu_image_alt":"","footnotes":""},"categories":[54,76],"tags":[],"class_list":["post-67437","post","type-post","status-publish","format-standard","has-post-thumbnail","hentry","category-maroc","category-regions"],"_links":{"self":[{"href":"https:\/\/linitiative.ca\/International\/wp-json\/wp\/v2\/posts\/67437","targetHints":{"allow":["GET"]}}],"collection":[{"href":"https:\/\/linitiative.ca\/International\/wp-json\/wp\/v2\/posts"}],"about":[{"href":"https:\/\/linitiative.ca\/International\/wp-json\/wp\/v2\/types\/post"}],"author":[{"embeddable":true,"href":"https:\/\/linitiative.ca\/International\/wp-json\/wp\/v2\/users\/1788"}],"replies":[{"embeddable":true,"href":"https:\/\/linitiative.ca\/International\/wp-json\/wp\/v2\/comments?post=67437"}],"version-history":[{"count":0,"href":"https:\/\/linitiative.ca\/International\/wp-json\/wp\/v2\/posts\/67437\/revisions"}],"wp:featuredmedia":[{"embeddable":true,"href":"https:\/\/linitiative.ca\/International\/wp-json\/"}],"wp:attachment":[{"href":"https:\/\/linitiative.ca\/International\/wp-json\/wp\/v2\/media?parent=67437"}],"wp:term":[{"taxonomy":"category","embeddable":true,"href":"https:\/\/linitiative.ca\/International\/wp-json\/wp\/v2\/categories?post=67437"},{"taxonomy":"post_tag","embeddable":true,"href":"https:\/\/linitiative.ca\/International\/wp-json\/wp\/v2\/tags?post=67437"}],"curies":[{"name":"wp","href":"https:\/\/api.w.org\/{rel}","templated":true}]}}