{"id":67439,"date":"2019-11-13T16:25:31","date_gmt":"2019-11-13T21:25:31","guid":{"rendered":"https:\/\/linitiative.ca\/International\/une-delegation-danoise-en-visite-a-la-maison-de-lelu\/"},"modified":"2019-11-13T16:25:31","modified_gmt":"2019-11-13T21:25:31","slug":"une-delegation-danoise-en-visite-a-la-maison-de-lelu","status":"publish","type":"post","link":"https:\/\/linitiative.ca\/International\/une-delegation-danoise-en-visite-a-la-maison-de-lelu\/","title":{"rendered":"Une d\u00e9l\u00e9gation danoise en visite \u00e0 la Maison de l\u2019\u00e9lu"},"content":{"rendered":"<div class=\"single-featured\"><img alt=\"\" data-src=\"http:\/\/www.mapmarrakech.ma\/map\/uploads\/2019\/11\/maisondeleludelegdanoise-copier.jpg\"\/><\/div>\n<div class=\"single-post-excerpt post-excerpt-bc\" readability=\"37\">\n<p>Marrakech \u2013 Une d\u00e9l\u00e9gation danoise compos\u00e9e d\u2019acteurs institutionnels et d\u2019op\u00e9rateurs \u00e9conomiques a effectu\u00e9, lundi dernier, une visite \u00e0 la \u00ab\u00a0Maison de l\u2019\u00e9lu\u00a0\u00bb de la r\u00e9gion de Marrakech-Safi, \u00e0 l\u2019initiative du Consulat honoraire du Danemark dans la cit\u00e9 ocre.<\/p>\n<\/div>\n<div class=\"entry-content clearfix single-post-content\" readability=\"40\">\n<p>Une rencontre a \u00e9t\u00e9 organis\u00e9e \u00e0 cette occasion, au cours de laquelle il a \u00e9t\u00e9 proc\u00e9d\u00e9 \u00e0 la pr\u00e9sentation d\u2019expos\u00e9s sur les opportunit\u00e9s d\u2019investissement qu\u2019offre la r\u00e9gion de Marrakech-Safi sur la base des programmes de d\u00e9veloppement r\u00e9gional, ainsi que sur le r\u00f4le des agences urbaines dans le d\u00e9veloppement de la r\u00e9gion.<\/p>\n<p>Cette r\u00e9union a \u00e9t\u00e9 aussi l\u2019occasion pour l\u2019\u00e9change des points de vue sur les moyens de promouvoir la coop\u00e9ration bilat\u00e9rale.<\/p>\n<\/div>\n<p>Auteur: Meriem IGASS<br \/>\n<a href=\"http:\/\/www.mapmarrakech.ma\/fr\/danoise\/\">Cliquez ici pour lire l&rsquo;article depuis sa source.<\/a><\/p>\n","protected":false},"excerpt":{"rendered":"<p>Marrakech \u2013 Une d\u00e9l\u00e9gation danoise compos\u00e9e d\u2019acteurs institutionnels et d\u2019op\u00e9rateurs \u00e9conomiques a effectu\u00e9, lundi dernier, une visite \u00e0 la \u00ab\u00a0Maison de l\u2019\u00e9lu\u00a0\u00bb de la r\u00e9gion de Marrakech-Safi, \u00e0 l\u2019initiative du Consulat honoraire du Danemark dans la cit\u00e9 ocre. Une rencontre a \u00e9t\u00e9 organis\u00e9e \u00e0 cette occasion, au cours de laquelle il a \u00e9t\u00e9 proc\u00e9d\u00e9 \u00e0 [&hellip;]<\/p>\n","protected":false},"author":1788,"featured_media":67440,"comment_status":"closed","ping_status":"closed","sticky":false,"template":"","format":"standard","meta":{"fifu_image_url":"","fifu_image_alt":"","footnotes":""},"categories":[54,76],"tags":[],"class_list":["post-67439","post","type-post","status-publish","format-standard","has-post-thumbnail","hentry","category-maroc","category-regions"],"_links":{"self":[{"href":"https:\/\/linitiative.ca\/International\/wp-json\/wp\/v2\/posts\/67439","targetHints":{"allow":["GET"]}}],"collection":[{"href":"https:\/\/linitiative.ca\/International\/wp-json\/wp\/v2\/posts"}],"about":[{"href":"https:\/\/linitiative.ca\/International\/wp-json\/wp\/v2\/types\/post"}],"author":[{"embeddable":true,"href":"https:\/\/linitiative.ca\/International\/wp-json\/wp\/v2\/users\/1788"}],"replies":[{"embeddable":true,"href":"https:\/\/linitiative.ca\/International\/wp-json\/wp\/v2\/comments?post=67439"}],"version-history":[{"count":0,"href":"https:\/\/linitiative.ca\/International\/wp-json\/wp\/v2\/posts\/67439\/revisions"}],"wp:featuredmedia":[{"embeddable":true,"href":"https:\/\/linitiative.ca\/International\/wp-json\/"}],"wp:attachment":[{"href":"https:\/\/linitiative.ca\/International\/wp-json\/wp\/v2\/media?parent=67439"}],"wp:term":[{"taxonomy":"category","embeddable":true,"href":"https:\/\/linitiative.ca\/International\/wp-json\/wp\/v2\/categories?post=67439"},{"taxonomy":"post_tag","embeddable":true,"href":"https:\/\/linitiative.ca\/International\/wp-json\/wp\/v2\/tags?post=67439"}],"curies":[{"name":"wp","href":"https:\/\/api.w.org\/{rel}","templated":true}]}}