{"id":67445,"date":"2019-11-13T15:27:53","date_gmt":"2019-11-13T20:27:53","guid":{"rendered":"https:\/\/linitiative.ca\/International\/forte-affluence-au-salon-national-de-less-a-oujda\/"},"modified":"2019-11-13T15:27:53","modified_gmt":"2019-11-13T20:27:53","slug":"forte-affluence-au-salon-national-de-less-a-oujda","status":"publish","type":"post","link":"https:\/\/linitiative.ca\/International\/forte-affluence-au-salon-national-de-less-a-oujda\/","title":{"rendered":"Forte affluence au Salon national de l\u2019ESS \u00e0 Oujda"},"content":{"rendered":"<p class=\"c1\">Le Salon national de l\u2019\u00e9conomie sociale et solidaire (ESS) qui a ouvert ses portes dimanche dernier \u00e0 Oujda a enregistr\u00e9 plus de 100.000 visiteurs en seulement trois jours, a indiqu\u00e9 une responsable du minist\u00e8re du Tourisme, de l\u2019Artisanat, du Transport a\u00e9rien et de l\u2019Economie sociale.<\/p>\n<p class=\"c1\">Mme Saloua Tajri, directrice de la Promotion de l\u2019\u00e9conomie sociale dans ce d\u00e9partement a pr\u00e9cis\u00e9 que le plus grand nombre de visiteurs a \u00e9t\u00e9 enregistr\u00e9 durant la deuxi\u00e8me journ\u00e9e de cette manifestation avec pr\u00e8s de 50.000 personnes, ce qui laisse augurer une bonne r\u00e9ussite pour cette 8\u00e8me \u00e9dition.<\/p>\n<p class=\"c1\">Le nombre des visiteurs, des Oujdis mais aussi d\u2019autres provinces de la r\u00e9gion, devrait augmenter au fil des jours pour atteindre plus de 300.000 \u00e0 la cl\u00f4ture du Salon qui s\u2019\u00e9tale sur une superficie globale de 18.000 m2, a-t-elle ajout\u00e9 dans une d\u00e9claration \u00e0 la MAP.<\/p>\n<p class=\"c1\">Et de poursuivre que les visiteurs ont montr\u00e9, \u00e0 travers les achats effectu\u00e9s, un grand int\u00e9r\u00eat pour les produits du terroir (produits alimentaires bien \u00e9videmment), suivis d\u2019autres produits, tels que les produits de d\u00e9coration fabriqu\u00e9s par des artisans, notant que le Salon table sur la r\u00e9alisation d\u2019un bon chiffre d\u2019affaires pour l\u2019ensemble des exposants.<\/p>\n<p class=\"c1\">Compos\u00e9 d\u2019un p\u00f4le institutionnel, un p\u00f4le des produits du terroir, un p\u00f4le des m\u00e9tiers et un p\u00f4le d\u00e9di\u00e9 aux services, le Salon qui se poursuit jusqu\u2019au 18 novembre, comporte aussi un espace pour enfants d\u00e9di\u00e9 \u00e0 la sensibilisation sur les valeurs d\u2019entraide et de coh\u00e9sion sociale du secteur de l\u2019\u00e9conomie sociale et solidaire, a fait remarquer la responsable.<\/p>\n<p class=\"c1\">Elle a indiqu\u00e9 qu\u2019outre l\u2019exposition de diff\u00e9rents produits caract\u00e9ris\u00e9es par leur diversit\u00e9 et leur qualit\u00e9, le Salon est rehauss\u00e9 par un programme intense d\u2019activit\u00e9s parall\u00e8les, telles que des ateliers de formation et des rencontres scientifiques ax\u00e9s sur plusieurs th\u00e9matiques, comme la gouvernance, le financement, la gestion et l\u2019utilisation du digital dans toutes les activit\u00e9s de l\u2019\u00e9conomie sociale et solidaire, en sus d\u2019un mus\u00e9e plac\u00e9 au c\u0153ur des pavillons du salon pour mettre en valeur les facettes du riche patrimoine culturel de la r\u00e9gion de l\u2019Oriental.<\/p>\n<p class=\"c1\"><img class=\"wp-image-15822 aligncenter\" data-src=\"http:\/\/www.mapoujda.ma\/map\/uploads\/2019\/11\/Visiteurs-du-Salon-national-de-l\u2019ESS-M750\u00d7430-MAP.jpg\" alt=\"\" width=\"576\" height=\"330\" srcset=\"http:\/\/www.mapoujda.ma\/map\/uploads\/2019\/11\/Visiteurs-du-Salon-national-de-l\u2019ESS-M750\u00d7430-MAP.jpg 750w, http:\/\/www.mapoujda.ma\/map\/uploads\/2019\/11\/Visiteurs-du-Salon-national-de-l\u2019ESS-M750\u00d7430-MAP-300x172.jpg 300w\" sizes=\"(max-width: 576px) 100vw, 576px\"\/><\/p>\n<p class=\"c1\">Mme Tajri a fait savoir que le Salon est organis\u00e9 de fa\u00e7on tournante entre les diff\u00e9rentes r\u00e9gions du Royaume pour accompagner le chantier strat\u00e9gique de la r\u00e9gionalisation et mettre en valeur les potentialit\u00e9s de la r\u00e9gion et les avanc\u00e9es r\u00e9alis\u00e9es dans le domaine de l\u2019\u00e9conomie sociale et solidaire.<\/p>\n<p class=\"c1\">Le Salon, qui se caract\u00e9rise cette ann\u00e9e par une architecture nouvelle, un nombre \u00e0 la hausse des exposants (plus de 700 du Maroc et de l\u2019\u00e9tranger) avec une pr\u00e9sence remarquable des coop\u00e9ratives f\u00e9minines, a-t-elle dit, se veut une plateforme d\u2019\u00e9changes et de rencontres annuelles, et un lieu de commercialisation, de formation, de partage d\u2019exp\u00e9riences et de d\u00e9veloppement de partenariats entre les diff\u00e9rents acteurs de l\u2019ESS.<\/p>\n<p class=\"c1\">Cette \u00e9dition ambitionne la promotion des opportunit\u00e9s nouvelles de ce secteur afin de sensibiliser les porteurs de projets quant \u00e0 l\u2019importance de ce secteur, porteur et prometteur, qui contribue \u00e0 la cr\u00e9ation de richesses et au d\u00e9veloppement des territoires.<\/p>\n<p class=\"c1\">Il s\u2019agit aussi de promouvoir la mise en r\u00e9seau des diff\u00e9rents acteurs de l\u2019ESS afin de faciliter leur int\u00e9gration dans le march\u00e9 national ou international, et l\u2019encouragement des jeunes qui ont apport\u00e9, via l\u2019entreprise sociale, des activit\u00e9s nouvelles dans des domaines prometteurs, telles que le recyclage, l\u2019\u00e9conomie bleue, l\u2019\u00e9conomie verte ou encore le digital, a-t-elle encha\u00een\u00e9.<\/p>\n<p class=\"c1\">En conclusion, Mme Tajri a soulign\u00e9 que l\u2019ESS est un secteur transversal qui doit \u00eatre appuy\u00e9 par l\u2019ensemble des acteurs, qu\u2019ils soient publics ou priv\u00e9s, ou encore par les Ong et les \u00e9lus, et ce par l\u2019accompagnement, le financement, l\u2019orientation et le conseil, mettant l\u2019accent sur l\u2019importance de cr\u00e9er une synergie entre intervenants et acteurs de l\u2019ESS pour favoriser une meilleure visibilit\u00e9 de ce secteur.<\/p>\n<p class=\"c1\">Plac\u00e9 sous le Haut patronage de SM le Roi Mohammed VI, le Salon est organis\u00e9, pour la premi\u00e8re fois \u00e0 Oujda, par le minist\u00e8re du Tourisme, de l\u2019Artisanat, du Transport a\u00e9rien et de l\u2019Economie sociale sous le th\u00e8me \u00abL\u2019Economie sociale et solidaire : Initiatives renouvelables et opportunit\u00e9s prometteuses\u00bb.<\/p>\n<p>Auteur: Soufiane ELAHMAR<br \/>\n<a href=\"http:\/\/www.mapoujda.ma\/fr\/forte-affluence-au-salon-national-de-less-a-oujda\/\">Cliquez ici pour lire l&rsquo;article depuis sa source.<\/a><\/p>\n","protected":false},"excerpt":{"rendered":"<p>Le Salon national de l\u2019\u00e9conomie sociale et solidaire (ESS) qui a ouvert ses portes dimanche dernier \u00e0 Oujda a enregistr\u00e9 plus de 100.000 visiteurs en seulement trois jours, a indiqu\u00e9 une responsable du minist\u00e8re du Tourisme, de l\u2019Artisanat, du Transport a\u00e9rien et de l\u2019Economie sociale. Mme Saloua Tajri, directrice de la Promotion de l\u2019\u00e9conomie sociale [&hellip;]<\/p>\n","protected":false},"author":1788,"featured_media":67446,"comment_status":"closed","ping_status":"closed","sticky":false,"template":"","format":"standard","meta":{"fifu_image_url":"","fifu_image_alt":"","footnotes":""},"categories":[54,76],"tags":[],"class_list":["post-67445","post","type-post","status-publish","format-standard","has-post-thumbnail","hentry","category-maroc","category-regions"],"_links":{"self":[{"href":"https:\/\/linitiative.ca\/International\/wp-json\/wp\/v2\/posts\/67445","targetHints":{"allow":["GET"]}}],"collection":[{"href":"https:\/\/linitiative.ca\/International\/wp-json\/wp\/v2\/posts"}],"about":[{"href":"https:\/\/linitiative.ca\/International\/wp-json\/wp\/v2\/types\/post"}],"author":[{"embeddable":true,"href":"https:\/\/linitiative.ca\/International\/wp-json\/wp\/v2\/users\/1788"}],"replies":[{"embeddable":true,"href":"https:\/\/linitiative.ca\/International\/wp-json\/wp\/v2\/comments?post=67445"}],"version-history":[{"count":0,"href":"https:\/\/linitiative.ca\/International\/wp-json\/wp\/v2\/posts\/67445\/revisions"}],"wp:featuredmedia":[{"embeddable":true,"href":"https:\/\/linitiative.ca\/International\/wp-json\/"}],"wp:attachment":[{"href":"https:\/\/linitiative.ca\/International\/wp-json\/wp\/v2\/media?parent=67445"}],"wp:term":[{"taxonomy":"category","embeddable":true,"href":"https:\/\/linitiative.ca\/International\/wp-json\/wp\/v2\/categories?post=67445"},{"taxonomy":"post_tag","embeddable":true,"href":"https:\/\/linitiative.ca\/International\/wp-json\/wp\/v2\/tags?post=67445"}],"curies":[{"name":"wp","href":"https:\/\/api.w.org\/{rel}","templated":true}]}}