{"id":67447,"date":"2019-11-14T11:40:37","date_gmt":"2019-11-14T16:40:37","guid":{"rendered":"https:\/\/linitiative.ca\/International\/lexperience-marocaine-dans-less-saluee-par-des-etrangers\/"},"modified":"2019-11-14T11:40:37","modified_gmt":"2019-11-14T16:40:37","slug":"lexperience-marocaine-dans-less-saluee-par-des-etrangers","status":"publish","type":"post","link":"https:\/\/linitiative.ca\/International\/lexperience-marocaine-dans-less-saluee-par-des-etrangers\/","title":{"rendered":"L\u2019exp\u00e9rience marocaine dans l\u2019ESS salu\u00e9e par des \u00e9trangers"},"content":{"rendered":"<p class=\"c1\">Plusieurs participants \u00e9trangers \u00e0 la 8\u00e8 \u00e9dition du Salon national de l\u2019Economie sociale et solidaire (ESS) ont hautement salu\u00e9 l\u2019exp\u00e9rience marocaine dans ce domaine, soulignant qu\u2019elle constitue un mod\u00e8le de d\u00e9veloppement original \u00e0 suivre par les pays africains.<\/p>\n<p class=\"c1\">Venant de plusieurs pays africains et europ\u00e9ens, ils ont mis en avant les progr\u00e8s enregistr\u00e9s par le Royaume sous le leadership de SM le Roi Mohammed VI, faisant part, dans des d\u00e9clarations \u00e0 la MAP de l\u2019importance de ce Salon en termes d\u2019\u00e9changes, de renforcement des capacit\u00e9s et de d\u00e9veloppement de partenariats.<\/p>\n<p class=\"c1\">\u2019\u2019Je suis tr\u00e8s agr\u00e9ablement surpris de voir les progr\u00e8s que r\u00e9alise le Royaume du Maroc dans le domaine de l\u2019\u00e9conomie social et solidaire sous l\u2019impulsion de SM le Roi\u2019\u2019, a dit Jean Gatel, Premier secr\u00e9taire d\u2019Etat charg\u00e9 de l\u2019Economie sociale et solidaire dans un gouvernement de la R\u00e9publique fran\u00e7aise.<\/p>\n<p class=\"c1\">Pour ce chercheur-universitaire qui a beaucoup voyag\u00e9 en Afrique, notamment en Afrique subsaharienne, le Maroc est en passe de s\u2019imposer comme \u00e9tant le leader du mod\u00e8le de l\u2019\u00e9conomie sociale et solidaire dans l\u2019ensemble du continent africain.<\/p>\n<p class=\"c1\">Notant que le Maroc jouit d\u2019un mod\u00e8le original de d\u00e9veloppement de l\u2019ESS, qui est proche de son histoire puisqu\u2019il y avait toujours une tr\u00e8s grande tradition de solidarit\u00e9 et d\u2019entraide en Afrique, M. Gatel, fin connaisseur du secteur, a relev\u00e9 que le Salon refl\u00e8te l\u2019\u00e9norme travail qui est fait par des coop\u00e9ratives, souvent f\u00e9minines, qui sont sp\u00e9cialis\u00e9es dans plusieurs domaines (artisanat, produits de terroir, produits de proximit\u00e9, valorisation des plantes aromatiques et m\u00e9dicinales.. ).<\/p>\n<p class=\"c1\">Il a aussi mis l\u2019accent sur la richesse des d\u00e9bats et des discussions engag\u00e9s dans le cadre de cette \u00e9dition et qui ont montr\u00e9, selon lui, qu\u2019il fallait absolument que ce secteur se professionnalise et acquiert ses lettres de noblesse, \u00e0 travers notamment l\u2019accompagnement des porteurs d\u2019id\u00e9es et des nouveaux entrepreneurs qui sont vraisemblablement la future richesse du pays.<\/p>\n<p class=\"c1\">Pour sa part, Adama Sawadogo, pr\u00e9sident du Conseil r\u00e9gional du Centre-Nord au Burkina Faso, a fait remarquer que la participation \u00e0 ce Salon de trois coop\u00e9ratives burkinab\u00e8 venues pr\u00e9senter leurs produits (beurre de karit\u00e9, habit traditionnel, plantes m\u00e9dicinales, ..) s\u2019inscrit dans le sillage de la coop\u00e9ration d\u00e9centralis\u00e9e entre le Maroc et le Burkina, saluant dans ce sens l\u2019hospitalit\u00e9 et l\u2019ouverture du Maroc sur les diff\u00e9rents pays du monde comme en t\u00e9moigne la pr\u00e9sence d\u2019exposants, d\u2019experts et de conf\u00e9renciers \u00e9trangers \u00e0 cette manifestation.<\/p>\n<p class=\"c1\">Ce salon permet un \u00e9change de produits mais aussi de capacit\u00e9s \u00e0 travers l\u2019organisation d\u2019une s\u00e9rie de s\u00e9minaires et d\u2019ateliers de formation au profit des acteurs du secteur coop\u00e9ratif et de l\u2019\u00e9conomie sociale et solidaire, a-t-il poursuivi, affirmant que c\u2019est une belle initiative que \u2018\u2019nous saluons \u00e0 sa juste valeur\u2019\u2019.<\/p>\n<p><img class=\"wp-image-15825 aligncenter\" data-src=\"http:\/\/www.mapoujda.ma\/map\/uploads\/2019\/11\/participant-\u00e9tranger-au-8\u00e8-Salon-dESS-M750\u00d7430-MAP.jpg\" alt=\"\" width=\"576\" height=\"330\" srcset=\"http:\/\/www.mapoujda.ma\/map\/uploads\/2019\/11\/participant-\u00e9tranger-au-8\u00e8-Salon-dESS-M750\u00d7430-MAP.jpg 750w, http:\/\/www.mapoujda.ma\/map\/uploads\/2019\/11\/participant-\u00e9tranger-au-8\u00e8-Salon-dESS-M750\u00d7430-MAP-300x172.jpg 300w\" sizes=\"(max-width: 576px) 100vw, 576px\"\/><\/p>\n<p class=\"c1\">Quant \u00e0 Carlos Cozano, directeur des relations internationales de la conf\u00e9d\u00e9ration espagnole des entreprises de l\u2019\u00e9conomie sociale, une organisation qui regroupe plus de 42.000 entreprises, il a avanc\u00e9 que ce Salon de l\u2019ESS \u2018\u2019nous a offert l\u2019opportunit\u00e9 de partager l\u2019exp\u00e9rience espagnole dans le domaine de la formation, de l\u2019accompagnement et du soutien des entrepreneurs et entrepreneuses de l\u2019\u00e9conomie sociale \u00e0 travers un syst\u00e8me assez particulier et innovant pour renforcer l\u2019\u00e9conomie sociale et profiter de sa valeur ajout\u00e9e\u00a0\u00bb.<\/p>\n<p class=\"c1\">Il ressort des d\u00e9bats tr\u00e8s enrichissants au sein du Salon et du partage des exp\u00e9riences de diff\u00e9rentes parties et de certains pays, a-t-il ajout\u00e9, que les entrepreneurs de l\u2019\u00e9conomie sociale ont besoin d\u2019un soutien particulier, mettant l\u2019accent \u00e0 cet \u00e9gard sur la coop\u00e9ration \u00e9troite liant le Maroc et l\u2019Espagne dans diff\u00e9rents domaines.<\/p>\n<p class=\"c1\">De m\u00eame, Bamba Lassin\u00e9, expert ivoirien qui est \u00e0 sa deuxi\u00e8me participation au Salon national de l\u2019ESS, a tenu \u00e0 souligner que les th\u00e9matiques abord\u00e9es lors de cette \u00e9dition sont assez r\u00e9alistes que pertinentes surtout que la question de l\u2019\u00e9conomie sociale et solidaire est au croisement des chemins.<\/p>\n<p class=\"c1\">Mettant en avant l\u2019importance du secteur de l\u2019ESS pour les pays africains en termes d\u2019emploi et d\u2019inclusion sociale et \u00e9conomique au profit des personnes en difficult\u00e9, M. Lassin\u00e9 a toutefois pr\u00e9conis\u00e9 l\u2019imp\u00e9ratif de la conjugaison des efforts pour surmonter certaines contraintes afin de parvenir \u00e0 une \u00e9conomie performante, durable et pouvant g\u00e9n\u00e9rer la dividende financi\u00e8re.<\/p>\n<p class=\"c1\">De son avis, l\u2019accompagnement des acteurs de l\u2019ESS doit aller au-del\u00e0 du simple soutien technique, insistant ainsi sur le n\u00e9cessit\u00e9 d\u2019adopter une approche de proximit\u00e9 pour mieux conna\u00eetre les difficult\u00e9s, et partant, trouver des r\u00e9ponses r\u00e9alistes et r\u00e9alisables.<\/p>\n<p class=\"c1\">A son tour, Nabil M\u2019Rad, pr\u00e9sident d\u2019une association de l\u2019\u00e9conomie sociale et solidaire et de la coop\u00e9ration en Tunisie, s\u2019est f\u00e9licit\u00e9 de l\u2019\u00e9volution du concept du Salon et du niveau de l\u2019organisation \u2018\u2019exemplaire\u2019\u2019.<\/p>\n<p class=\"c1\">\u2019\u2019C\u2019est un mod\u00e8le qui a r\u00e9ussi et qui fait m\u00eame des jalousies\u2019\u2019, a dit ce Tunisien, install\u00e9 en France depuis 52 ans, notant que les Marocains doivent \u00eatre fiers aujourd\u2019hui, de la d\u00e9marche, de la conceptualisation et surtout de l\u2019appui de mani\u00e8re tr\u00e8s op\u00e9rationnel des femmes et des hommes pour le d\u00e9veloppement de leurs activit\u00e9s \u00e9conomiques et pour mieux vivre, et ce \u00e0 la faveur d\u2019une volont\u00e9 royale et d\u2019un engagement de la part du gouvernement.<\/p>\n<p class=\"c1\">Rappelant les relations s\u00e9culaires d\u2019amiti\u00e9 et de fraternit\u00e9 existant entre le Maroc et la Tunisie, M. M\u2019Rad a pr\u00e9cis\u00e9 que le Royaume a beaucoup \u00e0 apporter aux pays du Maghreb en mati\u00e8re de promotion et de d\u00e9veloppement de l\u2019\u00e9conomie sociale et solidaire.<\/p>\n<p><img class=\"wp-image-15826 aligncenter\" data-src=\"http:\/\/www.mapoujda.ma\/map\/uploads\/2019\/11\/participant-tunisien-au-8\u00e8-Salon-dESS-M750\u00d7430-MAP.jpg\" alt=\"\" width=\"576\" height=\"330\" srcset=\"http:\/\/www.mapoujda.ma\/map\/uploads\/2019\/11\/participant-tunisien-au-8\u00e8-Salon-dESS-M750\u00d7430-MAP.jpg 750w, http:\/\/www.mapoujda.ma\/map\/uploads\/2019\/11\/participant-tunisien-au-8\u00e8-Salon-dESS-M750\u00d7430-MAP-300x172.jpg 300w\" sizes=\"(max-width: 576px) 100vw, 576px\"\/><\/p>\n<p class=\"c1\">Un autre participant de la C\u00f4te d\u2019Ivoire et habitu\u00e9 du Salon national (7\u00e8 fois), Syla Abou Bakari, consultant en ESS et membre du Conseil d\u2019administration du R\u00e9seau africain de l\u2019ESS (RAESS), a d\u00e9clar\u00e9 que \u2019\u2019le Maroc a excell\u00e9 dans ce domaine\u2019\u2019, qualifiant le Salon national de l\u2019ESS de l\u2019un des \u00ab\u00a0meilleurs au monde en la mati\u00e8re\u00a0\u00bb.<\/p>\n<p class=\"c1\">Tous les participants sont satisfaits de la tenue de ce salon qui s\u2019am\u00e9liore au fil des \u00e9ditions et qui constitue un mod\u00e8le \u00e0 suivre en Afrique et \u2019\u2019Nous appelons les responsable marocains \u00e0 h\u00e2ter la promulgation de la loi cadre d\u00e9di\u00e9e \u00e0 l\u2019\u00e9conomie sociale et solidaire pour que les pays subsahariens puissent s\u2019inspirer de cette exp\u00e9rience et se doter d\u2019un cadre l\u00e9gal en phase avec la r\u00e9alit\u00e9 du continent\u2019\u2019, a-t-il encha\u00een\u00e9.<\/p>\n<p class=\"c1\">Le d\u00e9veloppement aujourd\u2019hui de l\u2019Afrique d\u00e9pend largement du d\u00e9veloppement de l\u2019\u00e9conomie sociale et solidaire, a-t-il dit en substance, ajoutant que \u2019\u2019tous les pays subsahariens s\u2019inspirent du mod\u00e8le marocain et que le Royaume a pris de l\u2019avance dans le domaine de l\u2019\u00e9conomie sociale et solidaire\u2019\u2019.<\/p>\n<p class=\"c1\">De son c\u00f4t\u00e9, Latifa Gahouchi, s\u00e9natrice et d\u00e9put\u00e9e r\u00e9gionale en Belgique, a salu\u00e9 un grand salon qui offre \u00e0 voir la richesse des produits expos\u00e9s et la qualit\u00e9 des coop\u00e9ratives, notamment f\u00e9minines, qui sont des moyens de s\u2019\u00e9manciper de mani\u00e8re extraordinaire.<\/p>\n<p class=\"c1\">Cette native d\u2019Oujda s\u2019est dite impressionn\u00e9e surtout par le savoir-faire des femmes, du milieu rural en particulier, qui sont pr\u00e9sentes en force au sein de coop\u00e9ratives actives dans le secteur de l\u2019\u00e9conomie sociale et solidaire.<\/p>\n<p class=\"c1\">D\u2019apr\u00e8s elle, \u2018\u2019l\u2019avenir de l\u2019homme passe par les femmes d\u2019autant plus que 98% des coop\u00e9ratives sont g\u00e9r\u00e9es uniquement par des femmes\u2019\u2019.<\/p>\n<p class=\"c1\">Plac\u00e9 sous le Haut patronage de SM le Roi Mohammed VI, le Salon est organis\u00e9, pour la premi\u00e8re fois \u00e0 Oujda, par le minist\u00e8re du Tourisme, de l\u2019Artisanat, du Transport a\u00e9rien et de l\u2019Economie sociale sous le th\u00e8me \u00abL\u2019Economie sociale et solidaire : Initiatives renouvelables et opportunit\u00e9s prometteuses\u00bb.<\/p>\n<p>Auteur: Soufiane ELAHMAR<br \/>\n<a href=\"http:\/\/www.mapoujda.ma\/fr\/lexperience-marocaine-dans-less-saluee-par-des-etrangers\/\">Cliquez ici pour lire l&rsquo;article depuis sa source.<\/a><\/p>\n","protected":false},"excerpt":{"rendered":"<p>Plusieurs participants \u00e9trangers \u00e0 la 8\u00e8 \u00e9dition du Salon national de l\u2019Economie sociale et solidaire (ESS) ont hautement salu\u00e9 l\u2019exp\u00e9rience marocaine dans ce domaine, soulignant qu\u2019elle constitue un mod\u00e8le de d\u00e9veloppement original \u00e0 suivre par les pays africains. Venant de plusieurs pays africains et europ\u00e9ens, ils ont mis en avant les progr\u00e8s enregistr\u00e9s par le [&hellip;]<\/p>\n","protected":false},"author":1788,"featured_media":67448,"comment_status":"closed","ping_status":"closed","sticky":false,"template":"","format":"standard","meta":{"fifu_image_url":"","fifu_image_alt":"","footnotes":""},"categories":[54,76],"tags":[],"class_list":["post-67447","post","type-post","status-publish","format-standard","has-post-thumbnail","hentry","category-maroc","category-regions"],"_links":{"self":[{"href":"https:\/\/linitiative.ca\/International\/wp-json\/wp\/v2\/posts\/67447","targetHints":{"allow":["GET"]}}],"collection":[{"href":"https:\/\/linitiative.ca\/International\/wp-json\/wp\/v2\/posts"}],"about":[{"href":"https:\/\/linitiative.ca\/International\/wp-json\/wp\/v2\/types\/post"}],"author":[{"embeddable":true,"href":"https:\/\/linitiative.ca\/International\/wp-json\/wp\/v2\/users\/1788"}],"replies":[{"embeddable":true,"href":"https:\/\/linitiative.ca\/International\/wp-json\/wp\/v2\/comments?post=67447"}],"version-history":[{"count":0,"href":"https:\/\/linitiative.ca\/International\/wp-json\/wp\/v2\/posts\/67447\/revisions"}],"wp:featuredmedia":[{"embeddable":true,"href":"https:\/\/linitiative.ca\/International\/wp-json\/"}],"wp:attachment":[{"href":"https:\/\/linitiative.ca\/International\/wp-json\/wp\/v2\/media?parent=67447"}],"wp:term":[{"taxonomy":"category","embeddable":true,"href":"https:\/\/linitiative.ca\/International\/wp-json\/wp\/v2\/categories?post=67447"},{"taxonomy":"post_tag","embeddable":true,"href":"https:\/\/linitiative.ca\/International\/wp-json\/wp\/v2\/tags?post=67447"}],"curies":[{"name":"wp","href":"https:\/\/api.w.org\/{rel}","templated":true}]}}