{"id":67453,"date":"2019-11-14T05:30:00","date_gmt":"2019-11-14T10:30:00","guid":{"rendered":"https:\/\/linitiative.ca\/International\/cinema-en-classe-avec-costa-gavras\/"},"modified":"2019-11-14T05:30:00","modified_gmt":"2019-11-14T10:30:00","slug":"cinema-en-classe-avec-costa-gavras","status":"publish","type":"post","link":"https:\/\/linitiative.ca\/International\/cinema-en-classe-avec-costa-gavras\/","title":{"rendered":"Cin\u00e9ma: En classe avec Costa Gavras"},"content":{"rendered":"<div readability=\"36\">\n<p>Le r\u00e9alisateur franco-grec invit\u00e9 de la 27e \u00e9dition des semaines du film europ\u00e9en<\/p>\n<p>Une s\u00e9rie de films in\u00e9dits \u00e0 Marrakech, Casablanca, Tanger et Rabat<\/p>\n<\/div>\n<div readability=\"111\">\n<div class=\"dnd-atom-wrapper type-image context-sdl_editor_representation atom-align-right\" contenteditable=\"false\" readability=\"33.5\">\n<div class=\"dnd-drop-wrapper image\"><img loading=\"lazy\" decoding=\"async\" typeof=\"foaf:Image\" class=\"img-responsive\" src=\"https:\/\/www.leconomiste.com\/sites\/default\/files\/eco7\/public\/thumbnails\/image\/costa-gavras-033.jpg\" width=\"397\" height=\"301\" alt=\"costa-gavras-033.jpg\" title=\"costa-gavras-033.jpg\"\/><\/div>\n<div class=\"dnd-legend-wrapper\" contenteditable=\"true\" readability=\"12\">\n<p class=\"rtejustify\">Consid\u00e9r\u00e9 comme l\u2019un des ma\u00eetres du cin\u00e9ma europ\u00e9en, le r\u00e9alisateur franco-grec, Costa Gavras ira \u00e0 la rencontre du public marrakchi, puis animera une master-class pour les \u00e9tudiants de l\u2019universit\u00e9 Cadi Ayad <em>(Ph. AFP)<\/em><\/p>\n<\/div>\n<\/div>\n<p class=\"rtejustify\">Les Semaines du film europ\u00e9en ont d\u00e9but\u00e9 lundi 11 novembre et s\u2019\u00e9taleront jusqu\u2019au 3 d\u00e9cembre \u00e0 travers une caravane cin\u00e9phile qui va parcourir Marrakech, Casablanca, Tanger et Rabat. Une s\u00e9rie de films in\u00e9dits sont au programme de cette 27e \u00e9dition repr\u00e9sentant le meilleur du cin\u00e9ma europ\u00e9en.<\/p>\n<p class=\"rtejustify\">En ouverture, Catherine Deneuve enchantera les spectateurs dans \u00abLa V\u00e9rit\u00e9\u00bb de Hirokazu Kore-Eda, o\u00f9 elle incarne brillamment une actrice c\u00e9l\u00e8bre vieillissante \u00e0 la langue tranchante et au verbe haut. Pr\u00e9sent\u00e9 au dernier festival de Venise, le film r\u00e9unit autour de l\u2019ic\u00f4ne fran\u00e7aise, la grande Juliette Binoche,\u00a0 Ethan Hawke et Ludivine Sagnier. Cette \u00e9dition sera \u00e9galement l\u2019occasion de retrouver le grand ma\u00eetre du cin\u00e9ma social, Ken Loach, qui revient cette fois-ci avec un drame au sujet tr\u00e8s actuel: l\u2019ub\u00e9risation des soci\u00e9t\u00e9s.<\/p>\n<p class=\"rtejustify\">Centr\u00e9 sur le quotidien incertain d\u2019une famille,\u00a0 \u00abSorry we missed you\u00bb est une \u0153uvre politique forte et bouleversante qui a conquis le public du festival de Cannes, o\u00f9 il a \u00e9t\u00e9 pr\u00e9sent\u00e9 en mai dernier. Mais c\u2019est le public marrakchi qui sera le plus choy\u00e9 puisqu\u2019il a rendez-vous avec le grand ma\u00eetre du cin\u00e9ma europ\u00e9en, Costa Gavras, qui pr\u00e9sentera son dernier film \u00abAdults in the Room\u00bb et animera un d\u00e9bat avec le public.<\/p>\n<p class=\"rtejustify\">La s\u00e9ance se d\u00e9roulera le jeudi 14 novembre au cin\u00e9ma le Colis\u00e9e. Le r\u00e9alisateur est \u00e9galement attendu le 15\u00a0 novembre \u00e0 l\u2019Ecole Sup\u00e9rieure des Arts Visuels \u00e0 Marrakech pour une master class avec les \u00e9tudiants en cin\u00e9ma de l\u2019\u00e9cole et de l\u2019Universit\u00e9 Cadi Ayad. La guest-star franco-grecque aura l\u2019occasion de discuter avec le public de son dernier opus, une adaptation du best-seller de Yanis Varoufakis sur la crise grecque.<\/p>\n<p class=\"rtejustify\">Dans ce r\u00e9cit, l&rsquo;auteur plonge le public de mani\u00e8re captivante dans les coulisses du pouvoir. Au sommet de son art, Costa Gavras livre une \u00e9tude au scalpel et une r\u00e9flexion profonde sur la crise. \u00abAdults in the Room\u00bb a \u00e9t\u00e9 pr\u00e9sent\u00e9 cette ann\u00e9e au Festival de Cannes hors comp\u00e9tition.<\/p>\n<p class=\"rtejustify\">N\u00e9 en Gr\u00e8ce le 13 f\u00e9vrier 1933, Costa Gavras quitte la Gr\u00e8ce \u00e0 l&rsquo;\u00e2ge de 22 ans pour \u00e9tudier \u00e0 Paris en tant que migrant \u00e9conomique. Il int\u00e8gre alors l&rsquo;universit\u00e9 de la Sorbonne avant d&rsquo;\u00eatre admis \u00e0 l&rsquo;Institut des Hautes Etudes Cin\u00e9matographiques (IDHEC). Son dipl\u00f4me en poche, il travailla en tant qu&rsquo;assistant r\u00e9alisateur aupr\u00e8s de grands r\u00e9alisateurs.<\/p>\n<p class=\"rtejustify\">En 1965, il r\u00e9alise son premier long-m\u00e9trage, Compartiment Tueurs. Ses films suivants remporteront un vif succ\u00e8s.\u00a0 \u00abZ\u00bb obtint deux Oscars en 1969, deux prix au Festival de Cannes et des douzaines d&rsquo;autres.<\/p>\n<p class=\"rtejustify\">\u00c0 travers ses films politiques, Costa Gavras s&rsquo;est attaqu\u00e9 aux questions br\u00fblantes de l&rsquo;\u00e9poque en travaillant entre la France et les \u00c9tats-Unis. Il a r\u00e9alis\u00e9 20 films, dont Un homme de trop. \u00abSection Sp\u00e9ciale\u00bb, \u00abPort\u00e9 Disparu\u00bb (Palme d&rsquo;Or et Prix d&rsquo;interpr\u00e9tation masculine pour Jack Lemmon au Festival de Cannes 1982), \u00abHanna K\u00bb, \u00abLa Main droite du diable\u00bb, \u00abL&rsquo;Aveu\u00bb, \u00ab\u00c9tat de Si\u00e8ge\u00bb, \u00abClair de femme\u00bb, \u00abConseil de famille\u00bb, \u00abLa petite apocalypse\u00bb, \u00abMad City\u00bb, \u00abMusic Box\u00bb, \u00abAmen\u00bb, \u00abLe Couperet\u00bb, \u00abEden \u00e0 l&rsquo;Ouest\u00bb, \u00abLe capital\u00bb et bien d\u2019autres.<\/p>\n<p class=\"rtejustify\">\u00abAdults in the Room\u00bb sera\u00a0 projet\u00e9 en version originale sous-titr\u00e9e en fran\u00e7ais lors de la 27e \u00e9dition des Semaines du Film Europ\u00e9en le 14 novembre \u00e0 Marrakech, le 16 novembre au cin\u00e9ma Rif \u00e0 Casablanca, le 20 au cin\u00e9ma Rif \u00e0 Tanger et le 29 novembre au cin\u00e9ma Renaissance \u00e0 Rabat.<\/p>\n<p class=\"rtejustify\"><em>A.Bo<\/em><\/p>\n<p class=\"rtejustify\">\u00a0<\/p>\n<\/div>\n<p>Auteur: hlafriqi<br \/>\n<a href=\"https:\/\/www.leconomiste.com\/article\/1053069-cinema-en-classe-avec-costa-gavras\">Cliquez ici pour lire l&rsquo;article depuis sa source.<\/a><\/p>\n","protected":false},"excerpt":{"rendered":"<p>Le r\u00e9alisateur franco-grec invit\u00e9 de la 27e \u00e9dition des semaines du film europ\u00e9en Une s\u00e9rie de films in\u00e9dits \u00e0 Marrakech, Casablanca, Tanger et Rabat Consid\u00e9r\u00e9 comme l\u2019un des ma\u00eetres du cin\u00e9ma europ\u00e9en, le r\u00e9alisateur franco-grec, Costa Gavras ira \u00e0 la rencontre du public marrakchi, puis animera une master-class pour les \u00e9tudiants de l\u2019universit\u00e9 Cadi Ayad [&hellip;]<\/p>\n","protected":false},"author":1763,"featured_media":67454,"comment_status":"closed","ping_status":"closed","sticky":false,"template":"","format":"standard","meta":{"fifu_image_url":"","fifu_image_alt":"","footnotes":""},"categories":[78,54],"tags":[],"class_list":["post-67453","post","type-post","status-publish","format-standard","has-post-thumbnail","hentry","category-economie","category-maroc"],"_links":{"self":[{"href":"https:\/\/linitiative.ca\/International\/wp-json\/wp\/v2\/posts\/67453","targetHints":{"allow":["GET"]}}],"collection":[{"href":"https:\/\/linitiative.ca\/International\/wp-json\/wp\/v2\/posts"}],"about":[{"href":"https:\/\/linitiative.ca\/International\/wp-json\/wp\/v2\/types\/post"}],"author":[{"embeddable":true,"href":"https:\/\/linitiative.ca\/International\/wp-json\/wp\/v2\/users\/1763"}],"replies":[{"embeddable":true,"href":"https:\/\/linitiative.ca\/International\/wp-json\/wp\/v2\/comments?post=67453"}],"version-history":[{"count":0,"href":"https:\/\/linitiative.ca\/International\/wp-json\/wp\/v2\/posts\/67453\/revisions"}],"wp:featuredmedia":[{"embeddable":true,"href":"https:\/\/linitiative.ca\/International\/wp-json\/"}],"wp:attachment":[{"href":"https:\/\/linitiative.ca\/International\/wp-json\/wp\/v2\/media?parent=67453"}],"wp:term":[{"taxonomy":"category","embeddable":true,"href":"https:\/\/linitiative.ca\/International\/wp-json\/wp\/v2\/categories?post=67453"},{"taxonomy":"post_tag","embeddable":true,"href":"https:\/\/linitiative.ca\/International\/wp-json\/wp\/v2\/tags?post=67453"}],"curies":[{"name":"wp","href":"https:\/\/api.w.org\/{rel}","templated":true}]}}