{"id":67457,"date":"2019-11-14T06:00:00","date_gmt":"2019-11-14T11:00:00","guid":{"rendered":"https:\/\/linitiative.ca\/International\/forum-de-paris-sur-la-paix-pour-lonu-le-monde-se-fissure\/"},"modified":"2019-11-14T06:00:00","modified_gmt":"2019-11-14T11:00:00","slug":"forum-de-paris-sur-la-paix-pour-lonu-le-monde-se-fissure","status":"publish","type":"post","link":"https:\/\/linitiative.ca\/International\/forum-de-paris-sur-la-paix-pour-lonu-le-monde-se-fissure\/","title":{"rendered":"Forum de Paris sur la paix: Pour l\u2019ONU, le monde se fissure"},"content":{"rendered":"<div readability=\"32\">\n<p>Les dirigeants au chevet du multilat\u00e9ralisme<\/p>\n<p>Le Maroc y est pr\u00e9sent<\/p>\n<\/div>\n<div readability=\"92\">\n<p class=\"rtejustify\">Emmanuel Macron a fustig\u00e9 la \u00abpudibonderie de ceux qui refusent de voir l&rsquo;inefficacit\u00e9 des organismes internationaux, allusion \u00e0 ses r\u00e9centes critiques sur l&rsquo;Otan\u00bb. Le pr\u00e9sident fran\u00e7ais a fait cette d\u00e9claration, mardi 12 novembre, lors du coup d&rsquo;envoi de la deuxi\u00e8me \u00e9dition du Forum de Paris sur la paix, devant une trentaine de chefs d&rsquo;Etat et de gouvernement.<\/p>\n<p class=\"rtejustify\">Le Maroc y participe aussi. Macron r\u00e9pondait visiblement aux critiques de la chanceli\u00e8re allemande Angela Merkel et de la pr\u00e9sidente d\u00e9sign\u00e9e de la Commission europ\u00e9enne Ursula von der Leyen (pr\u00e9sente dans la salle) \u00e0 ses r\u00e9centes d\u00e9clarations contre l&rsquo;Otan qu&rsquo;il a jug\u00e9 \u00aben \u00e9tat de mort c\u00e9r\u00e9brale\u00bb. Et ce, en raison du retrait am\u00e9ricain et de l&rsquo;attaque turque en Syrie.<\/p>\n<p class=\"rtejustify\">Avant lui, Ursula von der Leyen, le nouveau pr\u00e9sident de la R\u00e9publique d\u00e9mocratique du Congo F\u00e9lix Tshisekedi et le vice-pr\u00e9sident chinois Wang Qishan avaient ouvert le forum par des d\u00e9clarations g\u00e9n\u00e9rales sur la paix et le r\u00f4le de leur pays ou organisation respective.<\/p>\n<p class=\"rtejustify\">Le pr\u00e9sident fran\u00e7ais a aussi r\u00e9p\u00e9t\u00e9 vouloir \u00e9viter la division du monde autour de deux grandes puissances, Etats-Unis et Chine. \u00abLa r\u00e9partition entre quelques puissances h\u00e9g\u00e9moniques produit des frustrations et n&rsquo;est pas tenable \u00e0 long terme\u00bb, a-t-il dit.<\/p>\n<p class=\"rtejustify\">Pour le secr\u00e9taire g\u00e9n\u00e9ral de l&rsquo;ONU Antonio Guterres, le monde affronte plusieurs d\u00e9fis \u00e0 commencer par les tensions sino-am\u00e9ricaines, le danger d\u2019une fracture \u00e9conomique, technologique et g\u00e9ostrat\u00e9gique ou encore les fissures du contrat social et de la solidarit\u00e9. Dans ce contexte, le monde a \u00abbesoin d\u2019un syst\u00e8me universel, respectueux du droit international et organis\u00e9 autour d\u2019institutions multilat\u00e9rales fortes\u00bb.<\/p>\n<p class=\"rtejustify\">Le Forum sur la Paix se veut avant tout un lieu d&rsquo;\u00e9change entre Etats, organisations internationales, ONG, entreprises et soci\u00e9t\u00e9 civile afin de pr\u00e9senter des \u00absolutions pour une meilleure organisation de la plan\u00e8te\u00bb, expliquent ses organisateurs.<\/p>\n<p class=\"rtejustify\">\u00abNous sommes confront\u00e9s \u00e0 un d\u00e9fi de gouvernance entre l&rsquo;ampleur globale des probl\u00e8mes auxquels nous avons \u00e0 faire face et la capacit\u00e9 du syst\u00e8me international tel qu&rsquo;il est structur\u00e9 aujourd&rsquo;hui de les traiter correctement\u00bb, rel\u00e8ve le pr\u00e9sident du Forum et ex-directeur g\u00e9n\u00e9ral de l&rsquo;Organisation mondiale du Commerce (OMC), Pascal Lamy.<\/p>\n<blockquote readability=\"23\">\n<p class=\"rtecenter\"><strong><span class=\"c4\">Les d\u00e9fis ne manquent pas<\/span><\/strong><\/p>\n<p class=\"rtejustify\">Changement climatique, in\u00e9galit\u00e9s, d\u00e9sinformation, cybercriminalit\u00e9&#8230; face \u00e0 tous ces d\u00e9fis, ce rendez-vous ambitionne d&rsquo;\u00eatre un relais d&rsquo;actions concr\u00e8tes et de bonnes pratiques. \u00abCe qu\u2019il veut devenir petit \u00e0 petit, c&rsquo;est ce processus d&rsquo;incubation. L&rsquo;id\u00e9e \u00e0 terme, c&rsquo;est d&rsquo;en faire la plateforme mondiale de porteurs de projets\u00bb, ambitionne Pascal Lamy. D\u2019ailleurs, un groupement de multinationales conduit par Danone a annonc\u00e9 le lancement d&rsquo;un forum de financement pour une croissance inclusive. Il veut \u00abs&rsquo;appuyer sur le march\u00e9 de l&rsquo;investissement \u00e0 impact social, en forte croissance et estim\u00e9 \u00e0 502 milliards de dollars en 2019, en \u00e9tudiant les diff\u00e9rents m\u00e9canismes et sources de financement pour les projets en faveur de la croissance inclusive\u00bb, est-il pr\u00e9cis\u00e9. L&rsquo;initiative coordonn\u00e9e par l&rsquo;OCDE s&rsquo;inscrit dans le cadre de celle lanc\u00e9e \u00e0 l&rsquo;occasion du G7 de Biarritz en ao\u00fbt, intitul\u00e9e B4IG (Business for Inclusive Growth) \u00e0 laquelle ont d\u00e9sormais adh\u00e9r\u00e9 38 entreprises ainsi que la Fondation Rockefeller et la Fondation Bill &#038; Melinda Gates. Ces entreprises ont investi au total 1,4 milliard de dollars dans plus de 70 initiatives au b\u00e9n\u00e9fice de plus de 100 millions de personnes.<\/p>\n<\/blockquote>\n<p class=\"rtejustify\"><em>F. Z. T.<\/em><\/p>\n<\/div>\n<p>Auteur: hlafriqi<br \/>\n<a href=\"https:\/\/www.leconomiste.com\/article\/1053071-forum-de-paris-sur-la-paix-pour-l-onu-le-monde-se-fissure\">Cliquez ici pour lire l&rsquo;article depuis sa source.<\/a><\/p>\n","protected":false},"excerpt":{"rendered":"<p>Les dirigeants au chevet du multilat\u00e9ralisme Le Maroc y est pr\u00e9sent Emmanuel Macron a fustig\u00e9 la \u00abpudibonderie de ceux qui refusent de voir l&rsquo;inefficacit\u00e9 des organismes internationaux, allusion \u00e0 ses r\u00e9centes critiques sur l&rsquo;Otan\u00bb. Le pr\u00e9sident fran\u00e7ais a fait cette d\u00e9claration, mardi 12 novembre, lors du coup d&rsquo;envoi de la deuxi\u00e8me \u00e9dition du Forum de [&hellip;]<\/p>\n","protected":false},"author":1763,"featured_media":0,"comment_status":"closed","ping_status":"closed","sticky":false,"template":"","format":"standard","meta":{"fifu_image_url":"","fifu_image_alt":"","footnotes":""},"categories":[78,54],"tags":[],"class_list":["post-67457","post","type-post","status-publish","format-standard","hentry","category-economie","category-maroc"],"_links":{"self":[{"href":"https:\/\/linitiative.ca\/International\/wp-json\/wp\/v2\/posts\/67457","targetHints":{"allow":["GET"]}}],"collection":[{"href":"https:\/\/linitiative.ca\/International\/wp-json\/wp\/v2\/posts"}],"about":[{"href":"https:\/\/linitiative.ca\/International\/wp-json\/wp\/v2\/types\/post"}],"author":[{"embeddable":true,"href":"https:\/\/linitiative.ca\/International\/wp-json\/wp\/v2\/users\/1763"}],"replies":[{"embeddable":true,"href":"https:\/\/linitiative.ca\/International\/wp-json\/wp\/v2\/comments?post=67457"}],"version-history":[{"count":0,"href":"https:\/\/linitiative.ca\/International\/wp-json\/wp\/v2\/posts\/67457\/revisions"}],"wp:attachment":[{"href":"https:\/\/linitiative.ca\/International\/wp-json\/wp\/v2\/media?parent=67457"}],"wp:term":[{"taxonomy":"category","embeddable":true,"href":"https:\/\/linitiative.ca\/International\/wp-json\/wp\/v2\/categories?post=67457"},{"taxonomy":"post_tag","embeddable":true,"href":"https:\/\/linitiative.ca\/International\/wp-json\/wp\/v2\/tags?post=67457"}],"curies":[{"name":"wp","href":"https:\/\/api.w.org\/{rel}","templated":true}]}}