{"id":67458,"date":"2019-11-14T15:14:05","date_gmt":"2019-11-14T20:14:05","guid":{"rendered":"https:\/\/linitiative.ca\/International\/international-mls-ibrahimovic-annonce-son-depart-du-la-galaxy-avec-un-message-a-la-zlatan\/"},"modified":"2019-11-14T15:14:05","modified_gmt":"2019-11-14T20:14:05","slug":"international-mls-ibrahimovic-annonce-son-depart-du-la-galaxy-avec-un-message-a-la-zlatan","status":"publish","type":"post","link":"https:\/\/linitiative.ca\/International\/international-mls-ibrahimovic-annonce-son-depart-du-la-galaxy-avec-un-message-a-la-zlatan\/","title":{"rendered":"International : MLS: Ibrahimovic annonce son d\u00e9part du LA Galaxy avec un message \u00e0 la Zlatan"},"content":{"rendered":"<div readability=\"32\">\n<p>Auteur : <span class=\"time\">jeudi 14 novembre 2019 14:57<\/span><\/p>\n<\/div>\n<div id=\"post_core\" readability=\"56\">\n<p>\u00ab\u00a0Je suis venu, j&rsquo;ai vu, j&rsquo;ai conquis\u00a0\u00bb. Avec son habituelle verve provocatrice, Zlatan Ibrahimovic a annonc\u00e9 mercredi soir son d\u00e9part du Los Angeles Galaxy. Le buteur su\u00e9dois de 38 ans \u00e9tait en fin de contrat avec le club de Major League Soccer, qu&rsquo;il avait rejoint en 2018. Il sera ainsi libre de tout engagement \u00e0 compter du 1er janvier. \u00a0\u00ab\u00a0Merci au LA Galaxy de m&rsquo;avoir fait revivre. Aux supporters: vous vouliez Zlatan, je vous ai donn\u00e9 Zlatan. Je vous en prie. L&rsquo;histoire continue&#8230; Maintenant, retournez voir du baseball\u00a0\u00bb, a l\u00e2ch\u00e9 l&rsquo;ancien Parisien sur les r\u00e9seaux sociaux. En un an et demi aux \u00c9tats-Unis, le Su\u00e9dois a cartonn\u00e9. Son bilan est de 52 buts (dont 30 sur la saison \u00e9coul\u00e9e) et 17 passes d\u00e9cisives en 56 matchs de saison r\u00e9guli\u00e8re. Il a \u00e9t\u00e9 nomm\u00e9 deux fois dans l&rsquo;\u00e9quipe type de la MLS.<\/p>\n<p><strong>Convoit\u00e9 en Italie et en Argentine<\/strong><\/p>\n<p>Zlatan Ibrahimovic n&rsquo;a pas donn\u00e9 d&rsquo;indications sur l&rsquo;\u00e9ventuelle suite de sa carri\u00e8re. La presse italienne s&rsquo;est fait l&rsquo;\u00e9cho d&rsquo;un int\u00e9r\u00eat de l&rsquo;AC Milan, club dont il a d\u00e9fendu les couleurs de 2010 \u00e0 2012. Le commissaire de la MLS a d&rsquo;ailleurs r\u00e9cemment laiss\u00e9 entendre que le joueur \u00e9tait d&rsquo;accord pour retourner en Lombardie. Toujours en Italie, le Bologne FC a \u00e9galement fait savoir qu&rsquo;il \u00e9tait int\u00e9ress\u00e9. En outre, les dirigeants argentins de Boca Juniors ont aussi exprim\u00e9 leur souhait de le recruter. \u00ab\u00a0Il est vrai qu&rsquo;Ibrahimovic veut jouer pour Boca et il est vrai que nous pouvons le faire venir ici\u00a0\u00bb, avait l\u00e2ch\u00e9 Jorge Anro, membre du conseil d&rsquo;administration du club de Buenos Aires, fin septembre au micro d&rsquo;une radio locale rapporte rmcsport.bfmtv.com.<\/p>\n<p><strong>Publi\u00e9 dans :<\/strong> <span>zlatan<\/span><\/p>\n<\/div>\n<p>Auteur:<br \/>\n<a href=\"http:\/\/www.lebuteur.com\/article\/detail?titre=mls-ibrahimovic-annonce-son-depart-du-la-galaxy-avec-un-message-a-la-zlatan&#038;id=92964&#038;utm_source=feedburner&#038;utm_medium=feed&#038;utm_campaign=Feed%3A+GalerieFArtciles+%28Les+derniers+articles++-+lebuteur.com%29\">Cliquez ici pour lire l&rsquo;article depuis sa source.<\/a><\/p>\n","protected":false},"excerpt":{"rendered":"<p>Auteur : jeudi 14 novembre 2019 14:57 \u00ab\u00a0Je suis venu, j&rsquo;ai vu, j&rsquo;ai conquis\u00a0\u00bb. Avec son habituelle verve provocatrice, Zlatan Ibrahimovic a annonc\u00e9 mercredi soir son d\u00e9part du Los Angeles Galaxy. Le buteur su\u00e9dois de 38 ans \u00e9tait en fin de contrat avec le club de Major League Soccer, qu&rsquo;il avait rejoint en 2018. Il [&hellip;]<\/p>\n","protected":false},"author":1738,"featured_media":67459,"comment_status":"closed","ping_status":"closed","sticky":false,"template":"","format":"standard","meta":{"fifu_image_url":"","fifu_image_alt":"","footnotes":""},"categories":[53,75],"tags":[],"class_list":["post-67458","post","type-post","status-publish","format-standard","has-post-thumbnail","hentry","category-algerie","category-sport"],"_links":{"self":[{"href":"https:\/\/linitiative.ca\/International\/wp-json\/wp\/v2\/posts\/67458","targetHints":{"allow":["GET"]}}],"collection":[{"href":"https:\/\/linitiative.ca\/International\/wp-json\/wp\/v2\/posts"}],"about":[{"href":"https:\/\/linitiative.ca\/International\/wp-json\/wp\/v2\/types\/post"}],"author":[{"embeddable":true,"href":"https:\/\/linitiative.ca\/International\/wp-json\/wp\/v2\/users\/1738"}],"replies":[{"embeddable":true,"href":"https:\/\/linitiative.ca\/International\/wp-json\/wp\/v2\/comments?post=67458"}],"version-history":[{"count":0,"href":"https:\/\/linitiative.ca\/International\/wp-json\/wp\/v2\/posts\/67458\/revisions"}],"wp:featuredmedia":[{"embeddable":true,"href":"https:\/\/linitiative.ca\/International\/wp-json\/"}],"wp:attachment":[{"href":"https:\/\/linitiative.ca\/International\/wp-json\/wp\/v2\/media?parent=67458"}],"wp:term":[{"taxonomy":"category","embeddable":true,"href":"https:\/\/linitiative.ca\/International\/wp-json\/wp\/v2\/categories?post=67458"},{"taxonomy":"post_tag","embeddable":true,"href":"https:\/\/linitiative.ca\/International\/wp-json\/wp\/v2\/tags?post=67458"}],"curies":[{"name":"wp","href":"https:\/\/api.w.org\/{rel}","templated":true}]}}