{"id":67460,"date":"2019-11-14T15:14:06","date_gmt":"2019-11-14T20:14:06","guid":{"rendered":"https:\/\/linitiative.ca\/International\/pros-ac-milan-bennacer-meilleur-dribbleur-deurope\/"},"modified":"2019-11-14T15:14:06","modified_gmt":"2019-11-14T20:14:06","slug":"pros-ac-milan-bennacer-meilleur-dribbleur-deurope","status":"publish","type":"post","link":"https:\/\/linitiative.ca\/International\/pros-ac-milan-bennacer-meilleur-dribbleur-deurope\/","title":{"rendered":"Pros : AC Milan: Bennacer meilleur dribbleur d\u2019Europe"},"content":{"rendered":"<div readability=\"32\">\n<p>Auteur : <span class=\"time\">jeudi 14 novembre 2019 16:20<\/span><\/p>\n<\/div>\n<div id=\"post_core\" readability=\"43\">\n<p>Apr\u00e8s une Coupe d\u2019Afrique des Nations r\u00e9ussie l\u2019\u00e9t\u00e9 dernier, qu\u2019il a remport\u00e9 avec l\u2019Alg\u00e9rie, Isma\u00ebl Bennacer (21 ans) s\u2019est engag\u00e9 dans la foul\u00e9e avec l\u2019AC Milan. Si les Rossoneri connaissent un d\u00e9but difficile (14e, 13 pts), l\u2019Alg\u00e9rien d\u00e9montre chaque week-end ses qualit\u00e9s. Avec 8 matches jou\u00e9s depuis le d\u00e9but de cet exercice, le milieu de terrain est tr\u00e8s r\u00e9gulier et selon le site de r\u00e9f\u00e9rencement des statistiques WhoScored.com, Bennacer est le meilleur dribbleur des cinq grands championnats. Sur les 310 joueurs \u00e0 tenter plus de 20 dribbles par match, il a un meilleur taux de r\u00e9ussite (92,3 %) que tout autre joueur rapporte Foot Mercato.<\/p>\n<p><strong>Publi\u00e9 dans :<\/strong> <span>BENNACER<\/span><\/p>\n<\/div>\n<p>Auteur:<br \/>\n<a href=\"http:\/\/www.lebuteur.com\/article\/detail?titre=ac-milan-bennacer-meilleur-dribbleur-deurope&#038;id=92965&#038;utm_source=feedburner&#038;utm_medium=feed&#038;utm_campaign=Feed%3A+GalerieFArtciles+%28Les+derniers+articles++-+lebuteur.com%29\">Cliquez ici pour lire l&rsquo;article depuis sa source.<\/a><\/p>\n","protected":false},"excerpt":{"rendered":"<p>Auteur : jeudi 14 novembre 2019 16:20 Apr\u00e8s une Coupe d\u2019Afrique des Nations r\u00e9ussie l\u2019\u00e9t\u00e9 dernier, qu\u2019il a remport\u00e9 avec l\u2019Alg\u00e9rie, Isma\u00ebl Bennacer (21 ans) s\u2019est engag\u00e9 dans la foul\u00e9e avec l\u2019AC Milan. Si les Rossoneri connaissent un d\u00e9but difficile (14e, 13 pts), l\u2019Alg\u00e9rien d\u00e9montre chaque week-end ses qualit\u00e9s. Avec 8 matches jou\u00e9s depuis le [&hellip;]<\/p>\n","protected":false},"author":1738,"featured_media":67461,"comment_status":"closed","ping_status":"closed","sticky":false,"template":"","format":"standard","meta":{"fifu_image_url":"","fifu_image_alt":"","footnotes":""},"categories":[53,75],"tags":[],"class_list":["post-67460","post","type-post","status-publish","format-standard","has-post-thumbnail","hentry","category-algerie","category-sport"],"_links":{"self":[{"href":"https:\/\/linitiative.ca\/International\/wp-json\/wp\/v2\/posts\/67460","targetHints":{"allow":["GET"]}}],"collection":[{"href":"https:\/\/linitiative.ca\/International\/wp-json\/wp\/v2\/posts"}],"about":[{"href":"https:\/\/linitiative.ca\/International\/wp-json\/wp\/v2\/types\/post"}],"author":[{"embeddable":true,"href":"https:\/\/linitiative.ca\/International\/wp-json\/wp\/v2\/users\/1738"}],"replies":[{"embeddable":true,"href":"https:\/\/linitiative.ca\/International\/wp-json\/wp\/v2\/comments?post=67460"}],"version-history":[{"count":0,"href":"https:\/\/linitiative.ca\/International\/wp-json\/wp\/v2\/posts\/67460\/revisions"}],"wp:featuredmedia":[{"embeddable":true,"href":"https:\/\/linitiative.ca\/International\/wp-json\/"}],"wp:attachment":[{"href":"https:\/\/linitiative.ca\/International\/wp-json\/wp\/v2\/media?parent=67460"}],"wp:term":[{"taxonomy":"category","embeddable":true,"href":"https:\/\/linitiative.ca\/International\/wp-json\/wp\/v2\/categories?post=67460"},{"taxonomy":"post_tag","embeddable":true,"href":"https:\/\/linitiative.ca\/International\/wp-json\/wp\/v2\/tags?post=67460"}],"curies":[{"name":"wp","href":"https:\/\/api.w.org\/{rel}","templated":true}]}}